{"id":120162,"date":"2025-12-29T19:19:09","date_gmt":"2025-12-29T19:19:09","guid":{"rendered":"https:\/\/www.europesays.com\/se\/120162\/"},"modified":"2025-12-29T19:19:09","modified_gmt":"2025-12-29T19:19:09","slug":"vance-maklade-fred-mellan-trump-och-musk","status":"publish","type":"post","link":"https:\/\/www.europesays.com\/se\/120162\/","title":{"rendered":"Vance m\u00e4klade fred mellan Trump och Musk"},"content":{"rendered":"<p>Donald Trump och Elon Musk har f\u00f6rsiktigt b\u00f6rjat n\u00e4rma sig varandra igen \u2013 och det \u00e4r fr\u00e4mst vicepresidenten JD Vances f\u00f6rtj\u00e4nst. Det uppger flera k\u00e4llor med insyn f\u00f6r Washington Post.<\/p>\n<p>N\u00e4r presidenten och miljard\u00e4ren br\u00e5kade som v\u00e4rst i somras luftade Musk id\u00e9n om att bilda ett nytt politiskt parti, America Party. Vance fruktade att det skulle skada Republikanerna i mellan\u00e5rsvalet och drog i\u202fg\u00e5ng en frenetisk \u00f6vertalningskampanj.<\/p>\n<p>F\u00f6rst v\u00e4djade han till Musk personligen, och d\u00e4refter bad han miljard\u00e4rens allierade att f\u00f6rs\u00f6ka avstyra hans tankar p\u00e5 ett tredje parti. D\u00e4refter lyckades Vance f\u00e5 nomineringen av Musks bundsf\u00f6rvant Jared Isaacman till Nasachef \u00e5terst\u00e4lld.<\/p>\n<p>M\u00e5nader av anstr\u00e4ngningar gav resultat, och i\u202fdag r\u00e5der en \u00f6mt\u00e5lig vapenvila mellan Trump och Musk, enligt k\u00e4llorna. F\u00f6rra m\u00e5naden deltog Musk i en middag i Vita huset med Saudiarabiens kronprins.<\/p>\n<p>Omni \u00e4r politiskt obundna och oberoende. Vi str\u00e4var efter att ge fler perspektiv p\u00e5 nyheterna. Har du fr\u00e5gor eller synpunkter kring v\u00e5r rapportering? <a href=\"https:\/\/omni.se\/kallor-vance-maklade-fred-mellan-trump-och-musk\/a\/mailto:redaktion@omni.se\" class=\"ArticleActions_contactLink__W2F1M\" rel=\"nofollow noopener\" target=\"_blank\">Kontakta redaktionen<\/a><\/p>\n","protected":false},"excerpt":{"rendered":"Donald Trump och Elon Musk har f\u00f6rsiktigt b\u00f6rjat n\u00e4rma sig varandra igen \u2013 och det \u00e4r fr\u00e4mst vicepresidenten&hellip;\n","protected":false},"author":2,"featured_media":120163,"comment_status":"","ping_status":"","sticky":false,"template":"","format":"standard","meta":{"footnotes":""},"categories":[14],"tags":[387,22,23,385,704,26,27,17,21,403,24,25,28,29,15,268,16,18,34,31,33,32,30,19,20,386,74,51,52,53,54],"class_list":{"0":"post-120162","1":"post","2":"type-post","3":"status-publish","4":"format-standard","5":"has-post-thumbnail","7":"category-varlden","8":"tag-amerikansk-politik","9":"tag-breaking-news","10":"tag-breakingnews","11":"tag-donald-trump","12":"tag-elon-musk","13":"tag-featured-news","14":"tag-featurednews","15":"tag-headlines","16":"tag-huvudnyheter","17":"tag-jd-vance","18":"tag-latest-news","19":"tag-latestnews","20":"tag-main-news","21":"tag-mainnews","22":"tag-news","23":"tag-nordamerika","24":"tag-nyheter","25":"tag-rubriker","26":"tag-se","27":"tag-svenska","28":"tag-sverige","29":"tag-sweden","30":"tag-swedish","31":"tag-top-stories","32":"tag-topstories","33":"tag-trumps-usa","34":"tag-usa","35":"tag-varlden","36":"tag-world","37":"tag-world-news","38":"tag-worldnews"},"share_on_mastodon":{"url":"https:\/\/pubeurope.com\/@se\/115804475486422342","error":""},"_links":{"self":[{"href":"https:\/\/www.europesays.com\/se\/wp-json\/wp\/v2\/posts\/120162","targetHints":{"allow":["GET"]}}],"collection":[{"href":"https:\/\/www.europesays.com\/se\/wp-json\/wp\/v2\/posts"}],"about":[{"href":"https:\/\/www.europesays.com\/se\/wp-json\/wp\/v2\/types\/post"}],"author":[{"embeddable":true,"href":"https:\/\/www.europesays.com\/se\/wp-json\/wp\/v2\/users\/2"}],"replies":[{"embeddable":true,"href":"https:\/\/www.europesays.com\/se\/wp-json\/wp\/v2\/comments?post=120162"}],"version-history":[{"count":0,"href":"https:\/\/www.europesays.com\/se\/wp-json\/wp\/v2\/posts\/120162\/revisions"}],"wp:featuredmedia":[{"embeddable":true,"href":"https:\/\/www.europesays.com\/se\/wp-json\/wp\/v2\/media\/120163"}],"wp:attachment":[{"href":"https:\/\/www.europesays.com\/se\/wp-json\/wp\/v2\/media?parent=120162"}],"wp:term":[{"taxonomy":"category","embeddable":true,"href":"https:\/\/www.europesays.com\/se\/wp-json\/wp\/v2\/categories?post=120162"},{"taxonomy":"post_tag","embeddable":true,"href":"https:\/\/www.europesays.com\/se\/wp-json\/wp\/v2\/tags?post=120162"}],"curies":[{"name":"wp","href":"https:\/\/api.w.org\/{rel}","templated":true}]}}