{"id":120166,"date":"2025-12-29T19:23:11","date_gmt":"2025-12-29T19:23:11","guid":{"rendered":"https:\/\/www.europesays.com\/se\/120166\/"},"modified":"2025-12-29T19:23:11","modified_gmt":"2025-12-29T19:23:11","slug":"valkommen-tobias-karlsson-landskrona-bois","status":"publish","type":"post","link":"https:\/\/www.europesays.com\/se\/120166\/","title":{"rendered":"V\u00e4lkommen Tobias Karlsson &#8211; Landskrona BoIS"},"content":{"rendered":"<p>                      <img width=\"800\" height=\"533\" src=\"https:\/\/www.europesays.com\/se\/wp-content\/uploads\/2025\/12\/dsc04625-800x533.jpg\" class=\"img-fluid wp-post-image\" alt=\"\" decoding=\"async\" fetchpriority=\"high\"  \/><\/p>\n<p>\n                Publicerad m\u00e5ndag 29 december, 2025\n              <\/p>\n<p><strong>Vi har kommit \u00f6verens med Tobias Karlsson om ett avtal som g\u00f6r mittbacken till en Landskrona BoIS-spelare de kommande tv\u00e5 \u00e5ren.<\/strong><\/p>\n<p>F\u00f6rsvararen, som gjort n\u00e4rmare 100 matcher i Superettan, anl\u00e4nder fr\u00e5n Trelleborgs FF som han tillh\u00f6rt de senaste fem s\u00e4songerna. Ursprungligen \u00e4r Tobias fr\u00e5n Veber\u00f6d och han har ocks\u00e5 tillh\u00f6rt Torns IF tidigare i karri\u00e4ren. \u00a0\u00a0\u00a0\u00a0\u00a0\u00a0\u00a0\u00a0\u00a0\u00a0\u00a0\u00a0\u00a0\u00a0\u00a0\u00a0\u00a0\u00a0\u00a0\u00a0\u00a0\u00a0\u00a0\u00a0\u00a0\u00a0\u00a0\u00a0<\/p>\n<p>I TFF har Tobias varit en central st\u00f6ttepelare som har god k\u00e4nnedom om vad som kr\u00e4vs f\u00f6r spel i landets n\u00e4st h\u00f6gsta serie. Det \u00e4r en spelande mittback, med utm\u00e4rkande f\u00f6rsvarsegenskaper, som kommer passa alldeles ypperligt in i Landskrona BoIS.<\/p>\n<p>Vi f\u00e5r ocks\u00e5 in en ledartyp med stark karakt\u00e4r som kommer st\u00e4lla krav p\u00e5 sina lagkamrater i b\u00e5de tr\u00e4ning och match. Attribut som kommer bidra till att g\u00f6ra milj\u00f6n runt A-laget \u00e4nnu b\u00e4ttre och mer utvecklande.<\/p>\n<p><strong>Robin Asterhed om nyf\u00f6rv\u00e4rvet<\/strong><\/p>\n<p>Tobias \u00e4r en spelare och person som g\u00f6r sin omgivning b\u00e4ttre. P\u00e5 plan f\u00e5r vi se en spelare som \u00e4r modig, tar ansvar och ger alternativ i n\u00e4r vi ska anfalla och som\u00a0 g\u00f6r allt f\u00f6r att f\u00f6rsvara det randiga m\u00e5let tillsammans med sina lagkamrater.\u00a0<\/p>\n<p>Viktigast av allt \u00e4r att det \u00e4r en m\u00e4nniska hungrig p\u00e5 utveckling, sin egen men som ocks\u00e5 driver lagets. Vi \u00e4r v\u00e4ldigt glada \u00f6ver att Tobias \u00e4r p\u00e5 plats, han kommer vara en viktig del av v\u00e5r v\u00e4g fram\u00e5t tillsammans.<\/p>\n<p><strong>Tobias Karlsson om \u00f6verg\u00e5ngen<\/strong><\/p>\n<p>Det k\u00e4nns v\u00e4ldigt bra och inspirerande att nu vara en Landskrona BoIS-spelare. Jag hoppas kunna bidra i min ledarroll och med mitt spel, som jag tror g\u00e5r v\u00e4ldigt bra ihop med BoIS fotbollsfilosofi. Jag k\u00e4nner till klubben v\u00e4ldigt v\u00e4l och ser fram emot, att tillsammans med Robin och g\u00e4nget, bygga vidare p\u00e5 denna s\u00e4song. Jag ser v\u00e4ldigt positivt p\u00e5 framtiden i BoIS. \u00a0<\/p>\n<p>V\u00e4lkommen till Landskrona BoIS, Tobias!<\/p>\n","protected":false},"excerpt":{"rendered":"Publicerad m\u00e5ndag 29 december, 2025 Vi har kommit \u00f6verens med Tobias Karlsson om ett avtal som g\u00f6r mittbacken&hellip;\n","protected":false},"author":2,"featured_media":120167,"comment_status":"","ping_status":"","sticky":false,"template":"","format":"standard","meta":{"footnotes":""},"categories":[68],"tags":[34,111,110,31,33,32,30],"class_list":{"0":"post-120166","1":"post","2":"type-post","3":"status-publish","4":"format-standard","5":"has-post-thumbnail","7":"category-sport","8":"tag-se","9":"tag-sport","10":"tag-sports","11":"tag-svenska","12":"tag-sverige","13":"tag-sweden","14":"tag-swedish"},"share_on_mastodon":{"url":"https:\/\/pubeurope.com\/@se\/115804491194433641","error":""},"_links":{"self":[{"href":"https:\/\/www.europesays.com\/se\/wp-json\/wp\/v2\/posts\/120166","targetHints":{"allow":["GET"]}}],"collection":[{"href":"https:\/\/www.europesays.com\/se\/wp-json\/wp\/v2\/posts"}],"about":[{"href":"https:\/\/www.europesays.com\/se\/wp-json\/wp\/v2\/types\/post"}],"author":[{"embeddable":true,"href":"https:\/\/www.europesays.com\/se\/wp-json\/wp\/v2\/users\/2"}],"replies":[{"embeddable":true,"href":"https:\/\/www.europesays.com\/se\/wp-json\/wp\/v2\/comments?post=120166"}],"version-history":[{"count":0,"href":"https:\/\/www.europesays.com\/se\/wp-json\/wp\/v2\/posts\/120166\/revisions"}],"wp:featuredmedia":[{"embeddable":true,"href":"https:\/\/www.europesays.com\/se\/wp-json\/wp\/v2\/media\/120167"}],"wp:attachment":[{"href":"https:\/\/www.europesays.com\/se\/wp-json\/wp\/v2\/media?parent=120166"}],"wp:term":[{"taxonomy":"category","embeddable":true,"href":"https:\/\/www.europesays.com\/se\/wp-json\/wp\/v2\/categories?post=120166"},{"taxonomy":"post_tag","embeddable":true,"href":"https:\/\/www.europesays.com\/se\/wp-json\/wp\/v2\/tags?post=120166"}],"curies":[{"name":"wp","href":"https:\/\/api.w.org\/{rel}","templated":true}]}}