{"id":120168,"date":"2025-12-29T19:24:28","date_gmt":"2025-12-29T19:24:28","guid":{"rendered":"https:\/\/www.europesays.com\/se\/120168\/"},"modified":"2025-12-29T19:24:28","modified_gmt":"2025-12-29T19:24:28","slug":"stjarnartister-till-skargardson-livemusiken-atervander-blekinge-lans-tidning","status":"publish","type":"post","link":"https:\/\/www.europesays.com\/se\/120168\/","title":{"rendered":"Stj\u00e4rnartister till sk\u00e4rg\u00e5rds\u00f6n \u2013 livemusiken \u00e5terv\u00e4nder \u2013 Blekinge L\u00e4ns Tidning"},"content":{"rendered":"<p>I somras kom inte bara bes\u00f6kare f\u00f6r maten. <\/p>\n<p>Det nya konceptet med livemusik blev en stor hit \u2013 och n\u00e4sta \u00e5r \u00e5terv\u00e4nder det. <\/p>\n<p>H\u00e4r \u00e4r artisterna som ska spela. <\/p>\n<p><img loading=\"lazy\" decoding=\"async\" width=\"980\" height=\"551\" class=\"article-image article-image--featured\" alt=\"Sommaren 2026 kommer Amanda Bergman och Moonica Mac till Ytter\u00f6n. &#10;Biljetter har redan sl\u00e4ppts f\u00f6r restaurang Allans livespelningar n\u00e4sta \u00e5r. \" src=\"https:\/\/www.europesays.com\/se\/wp-content\/uploads\/2025\/12\/c225a354-a88e-4ecc-8edd-047f741f1acd.jpeg\"  \/><a class=\"article__lightbox-link\" href=\"https:\/\/static.bonniernews.se\/ba\/c225a354-a88e-4ecc-8edd-047f741f1acd.jpeg?crop=2500%2C1407%2Cx0%2Cy1&amp;width=1400&amp;format=pjpg&amp;auto=avif\" data-pswp-width=\"1400\" data-pswp-height=\"788\" data-pswp-caption=\"Sommaren 2026 kommer Amanda Bergman och Moonica Mac till Ytter\u00f6n. &#010;Biljetter har redan sl\u00e4ppts f\u00f6r restaurang Allans livespelningar n\u00e4sta \u00e5r. \" data-pswp- rel=\"nofollow noopener\" target=\"_blank\">\u00d6ppna bild i helsk\u00e4rmsl\u00e4ge<\/a><\/p>\n<p class=\"txt-style-muted\" aria-hidden=\"true\">Sommaren 2026 kommer Amanda Bergman och Moonica Mac till Ytter\u00f6n.<br \/>\nBiljetter har redan sl\u00e4ppts f\u00f6r restaurang Allans livespelningar n\u00e4sta \u00e5r. <\/p>\n<p>I somras hade sk\u00e4rg\u00e5rdsrestaurangen p\u00e5 Ytter\u00f6n <a class=\"article__content-link\" href=\"https:\/\/www.blt.se\/noje\/succestart-for-konsertkvallarna-pa-skargardson\/\" rel=\"nofollow noopener\" target=\"_blank\">premi\u00e4r f\u00f6r sina livespelningar<\/a>.<\/p>\n<p>Tekniskt fel<\/p>\n<p class=\"message__text txt-ui txt-ui-2\">V\u00e4nligen f\u00f6rs\u00f6k igen senare.<\/p>\n<p>Den h\u00e4r artikeln \u00e4r bara f\u00f6r prenumeranter<\/p>\n<p class=\"txt-body txt-body-1\">Om du redan \u00e4r prenumerant: logga in!<\/p>\n","protected":false},"excerpt":{"rendered":"I somras kom inte bara bes\u00f6kare f\u00f6r maten. Det nya konceptet med livemusik blev en stor hit \u2013&hellip;\n","protected":false},"author":2,"featured_media":120169,"comment_status":"","ping_status":"","sticky":false,"template":"","format":"standard","meta":{"footnotes":""},"categories":[67],"tags":[104,34,31,33,32,30,105],"class_list":{"0":"post-120168","1":"post","2":"type-post","3":"status-publish","4":"format-standard","5":"has-post-thumbnail","7":"category-underhallning","8":"tag-entertainment","9":"tag-se","10":"tag-svenska","11":"tag-sverige","12":"tag-sweden","13":"tag-swedish","14":"tag-underhallning"},"share_on_mastodon":{"url":"https:\/\/pubeurope.com\/@se\/115804495081285917","error":""},"_links":{"self":[{"href":"https:\/\/www.europesays.com\/se\/wp-json\/wp\/v2\/posts\/120168","targetHints":{"allow":["GET"]}}],"collection":[{"href":"https:\/\/www.europesays.com\/se\/wp-json\/wp\/v2\/posts"}],"about":[{"href":"https:\/\/www.europesays.com\/se\/wp-json\/wp\/v2\/types\/post"}],"author":[{"embeddable":true,"href":"https:\/\/www.europesays.com\/se\/wp-json\/wp\/v2\/users\/2"}],"replies":[{"embeddable":true,"href":"https:\/\/www.europesays.com\/se\/wp-json\/wp\/v2\/comments?post=120168"}],"version-history":[{"count":0,"href":"https:\/\/www.europesays.com\/se\/wp-json\/wp\/v2\/posts\/120168\/revisions"}],"wp:featuredmedia":[{"embeddable":true,"href":"https:\/\/www.europesays.com\/se\/wp-json\/wp\/v2\/media\/120169"}],"wp:attachment":[{"href":"https:\/\/www.europesays.com\/se\/wp-json\/wp\/v2\/media?parent=120168"}],"wp:term":[{"taxonomy":"category","embeddable":true,"href":"https:\/\/www.europesays.com\/se\/wp-json\/wp\/v2\/categories?post=120168"},{"taxonomy":"post_tag","embeddable":true,"href":"https:\/\/www.europesays.com\/se\/wp-json\/wp\/v2\/tags?post=120168"}],"curies":[{"name":"wp","href":"https:\/\/api.w.org\/{rel}","templated":true}]}}