{"id":120172,"date":"2025-12-29T19:30:34","date_gmt":"2025-12-29T19:30:34","guid":{"rendered":"https:\/\/www.europesays.com\/se\/120172\/"},"modified":"2025-12-29T19:30:34","modified_gmt":"2025-12-29T19:30:34","slug":"uppgifter-aik-saljer-karlsson-allsvenskan","status":"publish","type":"post","link":"https:\/\/www.europesays.com\/se\/120172\/","title":{"rendered":"Uppgifter: AIK s\u00e4ljer Karlsson &#8211; Allsvenskan"},"content":{"rendered":"<p>Kazper Karlsson, 20, var under h\u00f6sten utl\u00e5nad fr\u00e5n AIK till Degerfors. Efter allsvenskans slut har mittf\u00e4ltaren rapporterats vara h\u00f6gaktuell f\u00f6r att g\u00f6ra flytten till V\u00e4rmlandsklubben p\u00e5 permanent basis. <\/p>\n<p>Nu ska allting vara klappat och klart, enligt <a href=\"https:\/\/www.aftonbladet.se\/sportbladet\/a\/L4AqB1\/degerfors-koper-kazper-karlsson-fran-aik?utm_source=iosapp&amp;utm_medium=share\" target=\"_blank\" rel=\"nofollow noopener\">Aftonbladet<\/a>.<\/p>\n<p>Tidningen uppger att alla parter landade i en \u00f6verenskommelse alldeles nyligen och att dealen \u00e4r att betrakta som spikad. <\/p>\n<p>Karlsson noterades den g\u00e5ngna s\u00e4songen f\u00f6r 20 framtr\u00e4danden i allsvenskan, i b\u00e5de AIK och Degerfors. Han har ocks\u00e5 ett f\u00f6rflutet i Bologna och Halmstads BK.<\/p>\n","protected":false},"excerpt":{"rendered":"Kazper Karlsson, 20, var under h\u00f6sten utl\u00e5nad fr\u00e5n AIK till Degerfors. Efter allsvenskans slut har mittf\u00e4ltaren rapporterats vara&hellip;\n","protected":false},"author":2,"featured_media":120173,"comment_status":"","ping_status":"","sticky":false,"template":"","format":"standard","meta":{"footnotes":""},"categories":[5],"tags":[22,23,26,27,17,21,24,25,28,29,15,16,18,34,31,33,32,30,19,20],"class_list":{"0":"post-120172","1":"post","2":"type-post","3":"status-publish","4":"format-standard","5":"has-post-thumbnail","7":"category-rubriker","8":"tag-breaking-news","9":"tag-breakingnews","10":"tag-featured-news","11":"tag-featurednews","12":"tag-headlines","13":"tag-huvudnyheter","14":"tag-latest-news","15":"tag-latestnews","16":"tag-main-news","17":"tag-mainnews","18":"tag-news","19":"tag-nyheter","20":"tag-rubriker","21":"tag-se","22":"tag-svenska","23":"tag-sverige","24":"tag-sweden","25":"tag-swedish","26":"tag-top-stories","27":"tag-topstories"},"share_on_mastodon":{"url":"https:\/\/pubeurope.com\/@se\/115804518668421312","error":""},"_links":{"self":[{"href":"https:\/\/www.europesays.com\/se\/wp-json\/wp\/v2\/posts\/120172","targetHints":{"allow":["GET"]}}],"collection":[{"href":"https:\/\/www.europesays.com\/se\/wp-json\/wp\/v2\/posts"}],"about":[{"href":"https:\/\/www.europesays.com\/se\/wp-json\/wp\/v2\/types\/post"}],"author":[{"embeddable":true,"href":"https:\/\/www.europesays.com\/se\/wp-json\/wp\/v2\/users\/2"}],"replies":[{"embeddable":true,"href":"https:\/\/www.europesays.com\/se\/wp-json\/wp\/v2\/comments?post=120172"}],"version-history":[{"count":0,"href":"https:\/\/www.europesays.com\/se\/wp-json\/wp\/v2\/posts\/120172\/revisions"}],"wp:featuredmedia":[{"embeddable":true,"href":"https:\/\/www.europesays.com\/se\/wp-json\/wp\/v2\/media\/120173"}],"wp:attachment":[{"href":"https:\/\/www.europesays.com\/se\/wp-json\/wp\/v2\/media?parent=120172"}],"wp:term":[{"taxonomy":"category","embeddable":true,"href":"https:\/\/www.europesays.com\/se\/wp-json\/wp\/v2\/categories?post=120172"},{"taxonomy":"post_tag","embeddable":true,"href":"https:\/\/www.europesays.com\/se\/wp-json\/wp\/v2\/tags?post=120172"}],"curies":[{"name":"wp","href":"https:\/\/api.w.org\/{rel}","templated":true}]}}