{"id":120178,"date":"2025-12-29T19:41:30","date_gmt":"2025-12-29T19:41:30","guid":{"rendered":"https:\/\/www.europesays.com\/se\/120178\/"},"modified":"2025-12-29T19:41:30","modified_gmt":"2025-12-29T19:41:30","slug":"stenar-skar-pa-isen-high-chaparral-i-os-genrep-i-curling","status":"publish","type":"post","link":"https:\/\/www.europesays.com\/se\/120178\/","title":{"rendered":"Stenar skar p\u00e5 isen \u2013 \u201dHigh chaparral\u201d i OS-genrep i curling"},"content":{"rendered":"<p>Gothenburg Mixed Doubles Cup \u00e4r den stora t\u00e4vlingen i mixed dubbel inf\u00f6r OS. Fem av de tio curlinglag som g\u00f6r upp om OS-medaljerna i februari finns p\u00e5 plats p\u00e5 Hisingen i G\u00f6teborg, d\u00e4ribland Isabella och Rasmus Wran\u00e5.<\/p>\n<p>\u2013 Det h\u00e4r blir en riktigt bra v\u00e4rdem\u00e4tare, s\u00e4ger Rasmus Wran\u00e5.<\/p>\n<p><strong>Och syskonen fick<\/strong> b\u00e4sta t\u00e4nkbara start p\u00e5 turneringen, n\u00e4r man besegrade danskarna Nathalie och Kasper Wiksten med 9\u20132 i en match d\u00e4r m\u00e5nga av stenarna inte gick dit spelarna siktade.<\/p>\n<p>\u2013 Det var ett ett par, tre stenar i varje omg\u00e5ng som \u201dskar\u201d. Det var lite high chaparral d\u00e4r ute, s\u00e4ger Isabella Wran\u00e5.<\/p>\n<p>Problemet fanns bara p\u00e5 svenskarnas bana och Isabella Wran\u00e5 misst\u00e4nkte att det var n\u00e5got som fallit ner p\u00e5 isen fr\u00e5n innertaket i curlinghallen. Hon menade att lagen drabbades lika mycket av problemet och efter att arrang\u00f6rerna plogat om isen kunde svenskarna g\u00e5 fram till en bekv\u00e4m seger.<\/p>\n<p>P\u00e5 s\u00f6ndagskv\u00e4llen f\u00f6ljde man upp med att besegra det turkiska paret Berfin Sengul\/Bilal Omer Cakir med 7\u20134.<\/p>\n<p><strong>Syskonen Wran\u00e5 blev<\/strong> v\u00e4rldsm\u00e4stare p\u00e5 hemmaplan i \u00d6stersund 2024, men det s\u00e5g ut som att de skulle missa OS, d\u00e5 det blev Anna Hasselborg och Oskar Eriksson som vann kvalet till \u00e5rets VM-turnering. D\u00e4r missade det rutinerade paret, som blev v\u00e4rldsm\u00e4stare 2019, slutspelet och d\u00e5 valde f\u00f6rbundskapten Alison Kreviazuk och Sveriges olympiska kommitt\u00e9 att ge OS-platsen \u00e5t Wran\u00e5s.<\/p>\n<p>          <img decoding=\"async\" class=\"picture__img\" src=\"https:\/\/www.europesays.com\/se\/wp-content\/uploads\/2025\/12\/ae86451d-9689-49d6-9abe-8aac86ea1b5a.jpeg\"   alt=\"Rasmus och Isabella Wran\u00e5 med guldbiljetten som visar att de tagits ut till OS.\"\/><\/p>\n<p>      Rasmus och Isabella Wran\u00e5 med guldbiljetten som visar att de tagits ut till OS.<\/p>\n<p>      Foto: Joel Marklund\/Bildbyr\u00e5n<\/p>\n<p>F\u00f6r 31-\u00e5rige Rasmus, som spelar tv\u00e5a i Lag Niklas Edin, blir det tredje OS-starten. F\u00f6r tre \u00e5r yngre Isabella blir det debut i Milano Cortina.<\/p>\n<p>\u2013 Det h\u00e4r \u00e4r en dr\u00f6m man alltid haft, s\u00e4ger hon.<\/p>\n<p><strong>Rasmus Wran\u00e5 ska<\/strong> efter mixed dubbel-turneringen f\u00f6rs\u00f6ka f\u00f6rsvara OS-guldet fr\u00e5n Peking med Lag Edin. Det kommer att bli m\u00e5nga curlingmatcher under veckorna i Italien.<\/p>\n<p>\u2013 Jag k\u00e4nner mig v\u00e4l f\u00f6rberedd, s\u00e4ger han och till\u00e4gger att han ser det som en f\u00f6rdel att spela b\u00e5da turneringarna.<\/p>\n<p>Mixed dubbeln tjuvstartar tv\u00e5 dagar f\u00f6re OS-invigningen och Wran\u00e5s blir de f\u00f6rsta av de cirka 3 000 idrottarna i vinter-OS som t\u00e4vlar n\u00e4r de p\u00e5 kv\u00e4llen den 4 februari tar sig an Sydkorea.<\/p>\n<p>Motst\u00e5ndarna, som tog en av tv\u00e5 kvalplatser till OS, \u00e4r inte med i G\u00f6teborg. \u00c4ven de regerande OS- och v\u00e4rldsm\u00e4starna fr\u00e5n Italien, Stefania Constantini och Amos Mosaner, valde att tacka nej till turneringen.<\/p>\n<p>P\u00e5 plats av OS-lagen ut\u00f6ver Wran\u00e5s finns d\u00e4remot Estland, Norge, Storbritannien och USA. Svenskarna tillh\u00f6r favoriterna till turneringssegern.<\/p>\n<p>\u2013 Men resultatet spelar inte s\u00e5 stor roll h\u00e4r. Det viktigaste \u00e4r att vi k\u00e4nner att spelet st\u00e4mmer, s\u00e4ger Rasmus Wran\u00e5.<\/p>\n<p>          Fakta.Sex stenar \u2013 \u00e5tta omg\u00e5ngar<\/p>\n<p>\u25cf\u00a0Gothenburg Mixed Doubles Cup avg\u00f6rs i G\u00f6teborgs curlinghall 28\u201330 december.<\/p>\n<p>\u25cf\u00a0Mixed dubbel spelas i lag med tv\u00e5 spelare i varje, en man och en kvinna.<\/p>\n<p>B\u00e5da lagen har sex stenar, varav en f\u00f6r varje lag \u00e4r f\u00f6rplacerad i starten av varje omg\u00e5ng.<\/p>\n<p>\u25cf\u00a0Matcherna spelas i \u00e5tta ordinarie omg\u00e5ngar \u2013 j\u00e4mf\u00f6rt med tio i vanlig curling.<\/p>\n<p>\u25cf\u00a0De tv\u00e5 positionerna i mixed dubbel \u00e4r att antingen spela sten ett och fem, eller de tre stenarna i mitten. Spelarna f\u00e5r byta positioner mellan omg\u00e5ngarna. B\u00e5da spelarna f\u00e5r sopa.<\/p>\n<p>\u25cf Lagen har r\u00e4tt till ett s\u00e5 kallat powerplay per match, d\u00e5 stenarna placeras annorlunda f\u00f6r att locka fram mer offensivt spel.<\/p>\n<p>K\u00e4lla: DN och Svenska curlingf\u00f6rbundet<\/p>\n<p>            Visa mer<\/p>\n<p>            Visa mindre<\/p>\n","protected":false},"excerpt":{"rendered":"Gothenburg Mixed Doubles Cup \u00e4r den stora t\u00e4vlingen i mixed dubbel inf\u00f6r OS. Fem av de tio curlinglag&hellip;\n","protected":false},"author":2,"featured_media":120179,"comment_status":"","ping_status":"","sticky":false,"template":"","format":"standard","meta":{"footnotes":""},"categories":[68],"tags":[34,111,110,31,33,32,30],"class_list":{"0":"post-120178","1":"post","2":"type-post","3":"status-publish","4":"format-standard","5":"has-post-thumbnail","7":"category-sport","8":"tag-se","9":"tag-sport","10":"tag-sports","11":"tag-svenska","12":"tag-sverige","13":"tag-sweden","14":"tag-swedish"},"share_on_mastodon":{"url":"https:\/\/pubeurope.com\/@se\/115804561908401788","error":""},"_links":{"self":[{"href":"https:\/\/www.europesays.com\/se\/wp-json\/wp\/v2\/posts\/120178","targetHints":{"allow":["GET"]}}],"collection":[{"href":"https:\/\/www.europesays.com\/se\/wp-json\/wp\/v2\/posts"}],"about":[{"href":"https:\/\/www.europesays.com\/se\/wp-json\/wp\/v2\/types\/post"}],"author":[{"embeddable":true,"href":"https:\/\/www.europesays.com\/se\/wp-json\/wp\/v2\/users\/2"}],"replies":[{"embeddable":true,"href":"https:\/\/www.europesays.com\/se\/wp-json\/wp\/v2\/comments?post=120178"}],"version-history":[{"count":0,"href":"https:\/\/www.europesays.com\/se\/wp-json\/wp\/v2\/posts\/120178\/revisions"}],"wp:featuredmedia":[{"embeddable":true,"href":"https:\/\/www.europesays.com\/se\/wp-json\/wp\/v2\/media\/120179"}],"wp:attachment":[{"href":"https:\/\/www.europesays.com\/se\/wp-json\/wp\/v2\/media?parent=120178"}],"wp:term":[{"taxonomy":"category","embeddable":true,"href":"https:\/\/www.europesays.com\/se\/wp-json\/wp\/v2\/categories?post=120178"},{"taxonomy":"post_tag","embeddable":true,"href":"https:\/\/www.europesays.com\/se\/wp-json\/wp\/v2\/tags?post=120178"}],"curies":[{"name":"wp","href":"https:\/\/api.w.org\/{rel}","templated":true}]}}