{"id":120181,"date":"2025-12-29T19:47:25","date_gmt":"2025-12-29T19:47:25","guid":{"rendered":"https:\/\/www.europesays.com\/se\/120181\/"},"modified":"2025-12-29T19:47:25","modified_gmt":"2025-12-29T19:47:25","slug":"ishockey-klart-david-tomasek-atervander-till-farjestad-senaste-nytt-shl-svt-nyheter","status":"publish","type":"post","link":"https:\/\/www.europesays.com\/se\/120181\/","title":{"rendered":"Ishockey: Klart: David Tomasek \u00e5terv\u00e4nder till F\u00e4rjestad \u2013 Senaste nytt: SHL &#8211; SVT Nyheter"},"content":{"rendered":"<ol>\n<li><a href=\"https:\/\/news.google.com\/rss\/articles\/CBMikAFBVV95cUxNd3NqRTRJbXM0QjZNTlZKcm1FMThkbllZRmRtckRkZmVpU2lOMDFSSTY1bVJweGNUSHRLclhDa0dMWE4tRXU4LTZ0Rkk0VmtMMzl5ak1fX2dNMWlnNUQtQktFM09YVXBtVjJQQlhtRUlxWGE2RVZ0d0lsS2U2OGRsNDEtSGlnX3lZMzIwRXZUd1g?oc=5\" target=\"_blank\" rel=\"nofollow noopener\">Ishockey: Klart: David Tomasek \u00e5terv\u00e4nder till F\u00e4rjestad \u2013 Senaste nytt: SHL<\/a>&nbsp;&nbsp;SVT Nyheter<\/li>\n<li><a href=\"https:\/\/news.google.com\/rss\/articles\/CBMiowFBVV95cUxQZzFqZkg3a1pFMjA4SUIxVVFrdmFDTVIyZnN0Uk1IWnNobHBmUzBVX1VwZG9PMDZJREJnZExCWXpzeEYwcGVsY251ZzkyZndYTV9ZTldBR2JNb2lRLURLZWRRX0hBb08wNDhydUJDUVlOTExnMno0YU53bFZsOTRRbWpNM0UtQTRuX0l2dkFWZjBDbGxfVjU5SEJxdWEzejNKbUxR?oc=5\" target=\"_blank\" rel=\"nofollow noopener\">JUST NU: Sista hindret avklarat \u2013 Tom\u00e1sek n\u00e4rmar sig F\u00e4rjestad med stormsteg<\/a>&nbsp;&nbsp;VF<\/li>\n<li><a href=\"https:\/\/news.google.com\/rss\/articles\/CBMilAFBVV95cUxPU0ZXcGx6UFltZVQ2SEZObHBDWlo4dTNYblVrY3d2ZkpDdm1fQW85UTFlY3lkOHZuSXNIdXhYdExLZ2lfdkZuYTJrUGZMRW02a1ZHSEU2QVBYLVV0eEF4MTJoNVk4eUtBWU5BcjZheWphYUZ5R3BmMHhOcjF4Y3ItRDR2QkxjN3VUbElObXYwb1JoWUtI?oc=5\" target=\"_blank\" rel=\"nofollow noopener\">David Tom\u00e1\u0161ek \u00e4r tillbaka i F\u00e4rjestad<\/a>&nbsp;&nbsp;Aftonbladet<\/li>\n<li><a href=\"https:\/\/news.google.com\/rss\/articles\/CBMigAFBVV95cUxNVDZsM1E2clVGZkVqQjN3T1pFaU9uUnVrb3F2N0xONTVGcVVoVU1QZmlRanVuSFZkWVN5UDJLVXRfVmtVR1hxTWYzWlVTaDczWGZBMTR4N01OQXN4UXVhZDNDRnA0VmdjYTcwczY0V1R0YkFibnlxdE4wOUU2dFhpQQ?oc=5\" target=\"_blank\" rel=\"nofollow noopener\">David Tomasek klar f\u00f6r \u00e5terkomst i F\u00e4rjestad<\/a>&nbsp;&nbsp;Expressen<\/li>\n<li><a href=\"https:\/\/news.google.com\/rss\/articles\/CBMifkFVX3lxTFBlUWhteGZFdVNlTkc1TW4tanA4ME5DcVlpd3NkOUYzNF9UN1VzMzcyRk15V3ZFUGtCaGVZeTJPMDZGeUpPYUIwUXVqYWRYX19aSWZBSnprZy1PcEp4S1Z2cjZBRTJwM0N2RWtYckpRSlVEaDZJdFR5NFNEVV9TZw?oc=5\" target=\"_blank\" rel=\"nofollow noopener\">Experterna om Tomasek: &#8221;Betyder enormt mycket&#8221;<\/a>&nbsp;&nbsp;HockeyNews<\/li>\n<\/ol>\n","protected":false},"excerpt":{"rendered":"Ishockey: Klart: David Tomasek \u00e5terv\u00e4nder till F\u00e4rjestad \u2013 Senaste nytt: SHL&nbsp;&nbsp;SVT Nyheter JUST NU: Sista hindret avklarat \u2013&hellip;\n","protected":false},"author":2,"featured_media":65482,"comment_status":"","ping_status":"","sticky":false,"template":"","format":"standard","meta":{"footnotes":""},"categories":[5],"tags":[22,23,26,27,17,21,24,25,28,29,15,16,18,34,31,33,32,30,19,20],"class_list":{"0":"post-120181","1":"post","2":"type-post","3":"status-publish","4":"format-standard","5":"has-post-thumbnail","7":"category-rubriker","8":"tag-breaking-news","9":"tag-breakingnews","10":"tag-featured-news","11":"tag-featurednews","12":"tag-headlines","13":"tag-huvudnyheter","14":"tag-latest-news","15":"tag-latestnews","16":"tag-main-news","17":"tag-mainnews","18":"tag-news","19":"tag-nyheter","20":"tag-rubriker","21":"tag-se","22":"tag-svenska","23":"tag-sverige","24":"tag-sweden","25":"tag-swedish","26":"tag-top-stories","27":"tag-topstories"},"share_on_mastodon":{"url":"https:\/\/pubeurope.com\/@se\/115804585480171302","error":""},"_links":{"self":[{"href":"https:\/\/www.europesays.com\/se\/wp-json\/wp\/v2\/posts\/120181","targetHints":{"allow":["GET"]}}],"collection":[{"href":"https:\/\/www.europesays.com\/se\/wp-json\/wp\/v2\/posts"}],"about":[{"href":"https:\/\/www.europesays.com\/se\/wp-json\/wp\/v2\/types\/post"}],"author":[{"embeddable":true,"href":"https:\/\/www.europesays.com\/se\/wp-json\/wp\/v2\/users\/2"}],"replies":[{"embeddable":true,"href":"https:\/\/www.europesays.com\/se\/wp-json\/wp\/v2\/comments?post=120181"}],"version-history":[{"count":0,"href":"https:\/\/www.europesays.com\/se\/wp-json\/wp\/v2\/posts\/120181\/revisions"}],"wp:featuredmedia":[{"embeddable":true,"href":"https:\/\/www.europesays.com\/se\/wp-json\/wp\/v2\/media\/65482"}],"wp:attachment":[{"href":"https:\/\/www.europesays.com\/se\/wp-json\/wp\/v2\/media?parent=120181"}],"wp:term":[{"taxonomy":"category","embeddable":true,"href":"https:\/\/www.europesays.com\/se\/wp-json\/wp\/v2\/categories?post=120181"},{"taxonomy":"post_tag","embeddable":true,"href":"https:\/\/www.europesays.com\/se\/wp-json\/wp\/v2\/tags?post=120181"}],"curies":[{"name":"wp","href":"https:\/\/api.w.org\/{rel}","templated":true}]}}