{"id":120191,"date":"2025-12-29T20:04:18","date_gmt":"2025-12-29T20:04:18","guid":{"rendered":"https:\/\/www.europesays.com\/se\/120191\/"},"modified":"2025-12-29T20:04:18","modified_gmt":"2025-12-29T20:04:18","slug":"med-ukrainas-framtid-star-ocksa-ovriga-europa-pa-spel","status":"publish","type":"post","link":"https:\/\/www.europesays.com\/se\/120191\/","title":{"rendered":"Med Ukrainas framtid st\u00e5r ocks\u00e5 \u00f6vriga Europa p\u00e5 spel"},"content":{"rendered":"<p>share-arrowDela<\/p>\n<p>unsaveSpara<\/p>\n<p>expand-left<\/p>\n<p>helsk\u00e4rm<img decoding=\"async\" class=\"image-asset hyperion-css-u06ts1\" data-test-tag=\"image-asset\" src=\"https:\/\/www.europesays.com\/se\/wp-content\/uploads\/2025\/12\/471b345f-d50b-4a7a-a021-3eed327fdc87.jpeg\"  alt=\"\"  loading=\"eager\" fetchpriority=\"high\" style=\"aspect-ratio:1200 \/ 800\"\/> Foto: Alex Brandon\/AP<\/p>\n<p class=\"hyperion-css-1shl3oz\" data-test-tag=\"lead-text\">Ett fredsavtal mellan Ryssland och Ukraina \u00e4r n\u00e4ra h\u00e4vdar president Trump. <\/p>\n<p class=\"hyperion-css-1shl3oz\" data-test-tag=\"lead-text\">Men se upp f\u00f6r \u00f6nsket\u00e4nkande och dyrk\u00f6pta eftergifter.<\/p>\n<p class=\"hyperion-css-1shl3oz\" data-test-tag=\"lead-text\">Putin l\u00e4r inte acceptera och Ryssland agerar som en stj\u00e4lande granne som gapar efter mer.<\/p>\n<p class=\"hyperion-css-1v9qo5x\">Det var ett \u201cfantastiskt\u201d m\u00f6te, sa president Trump p\u00e5 ett str\u00e5lande hum\u00f6r efter 2,5 timme med sin ukrainske kollega Zelenskyj i Mar-a- Lago, Florida.<\/p>\n<p class=\"hyperion-css-1v9qo5x\">\u2013 Vi har 95 procent av en fredsplan klar, str\u00e5lade Trump vidare.<\/p>\n<p class=\"hyperion-css-1v9qo5x\">Bredvid honom stod Zelenskyj och skruvade obekv\u00e4mt p\u00e5 sig, v\u00e4l medveten om att de 5 procent som \u00e5terst\u00e5r \u00e4r de 5 sv\u00e5ra procenten. De 5 om\u00f6jliga procenten.<\/p>\n<p class=\"hyperion-css-1v9qo5x\">T\u00e4nk dig sj\u00e4lv.<\/p>\n<p class=\"hyperion-css-1v9qo5x\">L\u00e5t oss g\u00f6ra en n\u00e5got naiv men symbolisk j\u00e4mf\u00f6relse.<\/p>\n<p class=\"hyperion-css-1v9qo5x\"><strong>Din granne har f\u00e5tt f\u00f6r sig att han har r\u00e4tt <\/strong>till frukttr\u00e4den i din tr\u00e4dg\u00e5rd. Med vapen i hand st\u00f6rtar han in i tr\u00e4dg\u00e5rden och roffar \u00e5t sig av det han vill ha.<\/p>\n<p class=\"hyperion-css-1v9qo5x\">Egentligen vill han ta sj\u00e4lva huset ocks\u00e5, liksom resten av g\u00e5rden, men du har lyckats stoppa honom. <\/p>\n<p class=\"hyperion-css-1v9qo5x\">Polis kommer till platsen f\u00f6r att l\u00f6sa tvisten och r\u00e4tt snart f\u00f6rst\u00e5r du att frukttr\u00e4den bara \u00e4r att gl\u00f6mma. Tr\u00e4den kommer du aldrig att f\u00e5 tillg\u00e5ng till igen.<\/p>\n<p class=\"hyperion-css-1v9qo5x\">Chockad f\u00e5r du h\u00f6ra att grannen kr\u00e4ver ocks\u00e5 dina b\u00e4rbuskar f\u00f6r att dra sig tillbaka. Polisen verkar tycka att det \u00e4r en rimlig id\u00e9. <\/p>\n<p class=\"hyperion-css-1v9qo5x\">Du \u00e4r f\u00f6rtvivlad. Det \u00e4r ju dina tr\u00e4d, dina buskar. Vad h\u00e4nder om du g\u00e5r med p\u00e5 allt f\u00f6r granns\u00e4mjans skull, blir allt bra d\u00e5? Eller forts\u00e4tter din granne att roffa \u00e5t sig av omr\u00e5den han tycker \u00e4r hans? <\/p>\n<p class=\"hyperion-css-1v9qo5x\">Faktum \u00e4r att g\u00e5rdarna kring grannen en g\u00e5ng i tiden var hans. N\u00e4r hans f\u00f6rf\u00e4der var feodalherrar som styrde \u00f6ver de halvt livegna b\u00f6nderna runt omkring. Men det var innan b\u00f6nderna blev fria, innan marken styckades upp och alla fick r\u00e4tt till sin egen mark.<\/p>\n<p class=\"hyperion-css-1v9qo5x\">Nu tycker grannen att det \u00e4r p\u00e5 sin plats att \u00e5teruppr\u00e4tta det gamla och kanske stoppar han inte vid din tr\u00e4dg\u00e5rd, kanske vill han ha mark ocks\u00e5 fr\u00e5n andra grannar.<\/p>\n<p class=\"hyperion-css-1v9qo5x\"><strong>D\u00e4rf\u00f6r \u00e4r de 5 procenten som handlar om territorium<\/strong> inte vilka procent som helst.<\/p>\n<p class=\"hyperion-css-1v9qo5x\">De \u00e4r avg\u00f6rande. <\/p>\n<p class=\"hyperion-css-1v9qo5x\">B\u00e5de omedelbart och f\u00f6r framtiden. F\u00f6r <a data-test-tag=\"internal-link\" href=\"https:\/\/www.aftonbladet.se\/tagg\/ukraina\" class=\"hyperion-css-15jkft9\" rel=\"nofollow noopener\" target=\"\" aria-label=\"Ukraina\">Ukraina<\/a> och f\u00f6r <a data-test-tag=\"internal-link\" href=\"https:\/\/www.aftonbladet.se\/tagg\/europa\" class=\"hyperion-css-15jkft9\" rel=\"nofollow noopener\" target=\"\" aria-label=\"Europa\">Europa<\/a>.<\/p>\n<p class=\"hyperion-css-1v9qo5x\">Rysslands fullskaliga invasion av Ukraina \u00e4r ett st\u00f6rre hot mot Europa \u00e4n vad som sk\u00e5dats p\u00e5 mycket l\u00e4nge. <\/p>\n<p class=\"hyperion-css-1v9qo5x\">Rysslands president <a data-test-tag=\"internal-link\" href=\"https:\/\/www.aftonbladet.se\/tagg\/vladimir-putin\" class=\"hyperion-css-15jkft9\" rel=\"nofollow noopener\" target=\"\" aria-label=\"Vladimir Putin\">Vladimir Putin<\/a> har upprepade g\u00e5nger dragit historiska paralleller fr\u00e5n den ryska storhetstiden som f\u00e5tt s\u00e4kerhetsanalytiker att befara att han inte kommer att n\u00f6ja sig med delar av Ukraina.<\/p>\n<p>expand-left<\/p>\n<p>helsk\u00e4rm<img decoding=\"async\" class=\"image-asset hyperion-css-u06ts1\" data-test-tag=\"image-asset\" src=\"https:\/\/www.europesays.com\/se\/wp-content\/uploads\/2025\/12\/5291976b-4684-48d8-b0bd-bc6c7c2dc0dd.jpeg\"  alt=\"Rysslands president Vladimir Putin.\"  loading=\"eager\" fetchpriority=\"high\" style=\"aspect-ratio:1900 \/ 1267\"\/>Rysslands president Vladimir Putin. Foto: Sergey Bulkin\/AP<\/p>\n<p class=\"hyperion-css-1v9qo5x\">Dr\u00f6narsv\u00e4rmar \u00f6ver Polen, hackerattacker mot Europeiska f\u00f6retag och myndigheter, riktade mord p\u00e5 oppositionella. Hybridkriget \u00e4r redan h\u00e4r.<\/p>\n<p class=\"hyperion-css-1v9qo5x\">Putins n\u00e4rmaste m\u00e4n, hans sk\u00e4llande hundar, drar sig inte f\u00f6r att hota med k\u00e4rnvapen och har varnat att utradera b\u00e5de London och Paris fr\u00e5n kartan om det skulle bli krig. Det \u00e4r knappast ord fr\u00e5n n\u00e5gon som s\u00f6ker fred och f\u00f6rsoning.<\/p>\n<p class=\"hyperion-css-1v9qo5x\"><strong>Om nu Ryssland efter att ha f\u00e5tt en rej\u00e4l tugga <\/strong>av Ukraina, skulle g\u00e5 med p\u00e5 ett fredsavtal, vad s\u00e4ger d\u00e5 att de inte bygger upp sina styrkor igen och kommer tillbaka starkare om n\u00e5gra \u00e5r? N\u00e4r deras sv\u00e5rt sargade krigsekonomi repat sig och n\u00e4r de tr\u00e4nat nya styrkor.<\/p>\n<p class=\"hyperion-css-1v9qo5x\">Det \u00e4r scenariot europeiska ledare fruktar. S\u00e4rskilt som <a data-test-tag=\"internal-link\" href=\"https:\/\/www.aftonbladet.se\/tagg\/usa\" class=\"hyperion-css-15jkft9\" rel=\"nofollow noopener\" target=\"\" aria-label=\"USA\">USA<\/a> verkar vara p\u00e5 v\u00e4g att dumpa Europa likt en kl\u00e4ngig, kr\u00e4vande partner som blir dumpad i ton\u00e5ren.<\/p>\n<p class=\"hyperion-css-1v9qo5x\">Till Putins stora gl\u00e4dje kan Europa inte l\u00e4ngre iskallt r\u00e4kna med att USA rycker ut som brandk\u00e5ren n\u00e4r det blir kris. <\/p>\n<p class=\"hyperion-css-1v9qo5x\"><strong>P\u00e5 marken tar Ukraina striden f\u00f6r ocks\u00e5 \u00f6vriga Europas<\/strong> s\u00e4kerhet. Till en orimlig kostnad i liv och s\u00e4kerhet.<\/p>\n<p class=\"hyperion-css-1v9qo5x\">Om USA snart v\u00e4nder p\u00e5 klacken och vandrar iv\u00e4g m\u00e5ste de europeiska ledarna steppa upp p\u00e5 allvar. P\u00e5 ett s\u00e4tt de inte tidigare gjort. De m\u00e5ste bli snabbare, tydligare och visa handling, inte bara allvarsamt prat mellan djupa bekymmersrynkor.<\/p>\n<p class=\"hyperion-css-1v9qo5x\">Med Ukrainas framtid st\u00e5r ocks\u00e5 \u00f6vriga Europa p\u00e5 spel. Presidenten som sl\u00e5r sig f\u00f6r br\u00f6stet f\u00f6r att ha lyckats medla fred i v\u00e4rldens konflikter kan ocks\u00e5 bli den som g\u00f6r v\u00e4rlden till en farligare plats, om v\u00e4rldsordningen p\u00e5 riktigt faller.<\/p>\n<p class=\"hyperion-css-1v9qo5x\">Ett fall som redan b\u00f6rjat.<\/p>\n","protected":false},"excerpt":{"rendered":"share-arrowDela unsaveSpara expand-left helsk\u00e4rm Foto: Alex Brandon\/AP Ett fredsavtal mellan Ryssland och Ukraina \u00e4r n\u00e4ra h\u00e4vdar president Trump.&hellip;\n","protected":false},"author":2,"featured_media":120192,"comment_status":"","ping_status":"","sticky":false,"template":"","format":"standard","meta":{"footnotes":""},"categories":[14],"tags":[22,23,26,27,17,21,24,25,28,29,15,16,18,34,31,33,32,30,19,20,51,52,53,54],"class_list":{"0":"post-120191","1":"post","2":"type-post","3":"status-publish","4":"format-standard","5":"has-post-thumbnail","7":"category-varlden","8":"tag-breaking-news","9":"tag-breakingnews","10":"tag-featured-news","11":"tag-featurednews","12":"tag-headlines","13":"tag-huvudnyheter","14":"tag-latest-news","15":"tag-latestnews","16":"tag-main-news","17":"tag-mainnews","18":"tag-news","19":"tag-nyheter","20":"tag-rubriker","21":"tag-se","22":"tag-svenska","23":"tag-sverige","24":"tag-sweden","25":"tag-swedish","26":"tag-top-stories","27":"tag-topstories","28":"tag-varlden","29":"tag-world","30":"tag-world-news","31":"tag-worldnews"},"share_on_mastodon":{"url":"https:\/\/pubeurope.com\/@se\/115804652435719928","error":""},"_links":{"self":[{"href":"https:\/\/www.europesays.com\/se\/wp-json\/wp\/v2\/posts\/120191","targetHints":{"allow":["GET"]}}],"collection":[{"href":"https:\/\/www.europesays.com\/se\/wp-json\/wp\/v2\/posts"}],"about":[{"href":"https:\/\/www.europesays.com\/se\/wp-json\/wp\/v2\/types\/post"}],"author":[{"embeddable":true,"href":"https:\/\/www.europesays.com\/se\/wp-json\/wp\/v2\/users\/2"}],"replies":[{"embeddable":true,"href":"https:\/\/www.europesays.com\/se\/wp-json\/wp\/v2\/comments?post=120191"}],"version-history":[{"count":0,"href":"https:\/\/www.europesays.com\/se\/wp-json\/wp\/v2\/posts\/120191\/revisions"}],"wp:featuredmedia":[{"embeddable":true,"href":"https:\/\/www.europesays.com\/se\/wp-json\/wp\/v2\/media\/120192"}],"wp:attachment":[{"href":"https:\/\/www.europesays.com\/se\/wp-json\/wp\/v2\/media?parent=120191"}],"wp:term":[{"taxonomy":"category","embeddable":true,"href":"https:\/\/www.europesays.com\/se\/wp-json\/wp\/v2\/categories?post=120191"},{"taxonomy":"post_tag","embeddable":true,"href":"https:\/\/www.europesays.com\/se\/wp-json\/wp\/v2\/tags?post=120191"}],"curies":[{"name":"wp","href":"https:\/\/api.w.org\/{rel}","templated":true}]}}