{"id":120201,"date":"2025-12-29T20:13:48","date_gmt":"2025-12-29T20:13:48","guid":{"rendered":"https:\/\/www.europesays.com\/se\/120201\/"},"modified":"2025-12-29T20:13:48","modified_gmt":"2025-12-29T20:13:48","slug":"gavlebocken-fraktas-bort-i-fortid","status":"publish","type":"post","link":"https:\/\/www.europesays.com\/se\/120201\/","title":{"rendered":"G\u00e4vlebocken fraktas bort i f\u00f6rtid"},"content":{"rendered":"<p>Under m\u00e5ndagsmorgonen har G\u00e4vlebocken fraktats bort. Det rapporterar DN. <\/p>\n<p>Ursprungligen var tanken att bocken skulle ha st\u00e5tt kvar till den 7 januari, men den f\u00e4lldes av de h\u00e5rda vindarna under stormen Johannes och skadades sv\u00e5rt i samband med fallet.<\/p>\n<p>\u2013 Den g\u00e5r inte att resa upp, s\u00e5 nu f\u00e5r den l\u00e4mna platsen f\u00f6r \u00e5ret,\u202fs\u00e4ger kommunalr\u00e5det Jan Myl\u00e9us (KD) till tidningen.<\/p>\n<p>Omni \u00e4r politiskt obundna och oberoende. Vi str\u00e4var efter att ge fler perspektiv p\u00e5 nyheterna. Har du fr\u00e5gor eller synpunkter kring v\u00e5r rapportering? <a href=\"https:\/\/omni.se\/gavlebocken-fraktas-bort-i-fortid\/a\/mailto:redaktion@omni.se\" class=\"ArticleActions_contactLink__W2F1M\" rel=\"nofollow noopener\" target=\"_blank\">Kontakta redaktionen<\/a><\/p>\n","protected":false},"excerpt":{"rendered":"Under m\u00e5ndagsmorgonen har G\u00e4vlebocken fraktats bort. Det rapporterar DN. Ursprungligen var tanken att bocken skulle ha st\u00e5tt kvar&hellip;\n","protected":false},"author":2,"featured_media":120202,"comment_status":"","ping_status":"","sticky":false,"template":"","format":"standard","meta":{"footnotes":""},"categories":[12],"tags":[22,23,26,27,817,818,17,21,24,25,28,29,15,16,18,34,31,33,32,30,19,20,693],"class_list":{"0":"post-120201","1":"post","2":"type-post","3":"status-publish","4":"format-standard","5":"has-post-thumbnail","7":"category-sverige","8":"tag-breaking-news","9":"tag-breakingnews","10":"tag-featured-news","11":"tag-featurednews","12":"tag-gavle","13":"tag-gavleborgs-lan","14":"tag-headlines","15":"tag-huvudnyheter","16":"tag-latest-news","17":"tag-latestnews","18":"tag-main-news","19":"tag-mainnews","20":"tag-news","21":"tag-nyheter","22":"tag-rubriker","23":"tag-se","24":"tag-svenska","25":"tag-sverige","26":"tag-sweden","27":"tag-swedish","28":"tag-top-stories","29":"tag-topstories","30":"tag-vader"},"share_on_mastodon":{"url":"https:\/\/pubeurope.com\/@se\/115804691638968580","error":""},"_links":{"self":[{"href":"https:\/\/www.europesays.com\/se\/wp-json\/wp\/v2\/posts\/120201","targetHints":{"allow":["GET"]}}],"collection":[{"href":"https:\/\/www.europesays.com\/se\/wp-json\/wp\/v2\/posts"}],"about":[{"href":"https:\/\/www.europesays.com\/se\/wp-json\/wp\/v2\/types\/post"}],"author":[{"embeddable":true,"href":"https:\/\/www.europesays.com\/se\/wp-json\/wp\/v2\/users\/2"}],"replies":[{"embeddable":true,"href":"https:\/\/www.europesays.com\/se\/wp-json\/wp\/v2\/comments?post=120201"}],"version-history":[{"count":0,"href":"https:\/\/www.europesays.com\/se\/wp-json\/wp\/v2\/posts\/120201\/revisions"}],"wp:featuredmedia":[{"embeddable":true,"href":"https:\/\/www.europesays.com\/se\/wp-json\/wp\/v2\/media\/120202"}],"wp:attachment":[{"href":"https:\/\/www.europesays.com\/se\/wp-json\/wp\/v2\/media?parent=120201"}],"wp:term":[{"taxonomy":"category","embeddable":true,"href":"https:\/\/www.europesays.com\/se\/wp-json\/wp\/v2\/categories?post=120201"},{"taxonomy":"post_tag","embeddable":true,"href":"https:\/\/www.europesays.com\/se\/wp-json\/wp\/v2\/tags?post=120201"}],"curies":[{"name":"wp","href":"https:\/\/api.w.org\/{rel}","templated":true}]}}