{"id":120209,"date":"2025-12-29T20:23:14","date_gmt":"2025-12-29T20:23:14","guid":{"rendered":"https:\/\/www.europesays.com\/se\/120209\/"},"modified":"2025-12-29T20:23:14","modified_gmt":"2025-12-29T20:23:14","slug":"kreml-havdar-attack-mot-putins-sommarbostad-zelenskyj-fornekar","status":"publish","type":"post","link":"https:\/\/www.europesays.com\/se\/120209\/","title":{"rendered":"Kreml h\u00e4vdar attack mot Putins sommarbostad \u2013 Zelenskyj f\u00f6rnekar"},"content":{"rendered":"<p>Av Joel Malm\u00e9n<br \/>Publicerad 29 december, 16:22. Uppdaterad 29 december, 16:33<\/p>\n<p>Rysslands utrikesminister Sergej Lavrov h\u00e4vdar att Ukraina f\u00f6rs\u00f6kt attackera Vladimir Putins sommarresidens vid Valdajsj\u00f6n i Novgorod med 91 dr\u00f6nare, enligt statliga ryska medier.<\/p>\n<p>Det f\u00f6rnekas omedelbart av Ukrainas president Volodymyr Zelenskyj, som kallar det l\u00f6gn och ett f\u00f6rs\u00f6k att underminera USA-samtalen.<\/p>\n<p>\u201dRyssarna vill inte ha ett slut p\u00e5 kriget. Genom att p\u00e5st\u00e5 att ett visst residens attackeras l\u00e4gger de grunden till attacker mot (ukrainska) regeringsbyggnader\u201d, skriver han till reportrar.<\/p>\n<p>Ryssland kommer att h\u00e4mnas, och tidpunkten och m\u00e5len \u00e4r redan best\u00e4mda, enligt Lavrov. Han till\u00e4gger att Ryssland ocks\u00e5 kommer \u201df\u00f6r\u00e4ndra sin f\u00f6rhandlingsposition\u201d, utan att g\u00e5 in p\u00e5 detaljer.<\/p>\n<p>Lavrovs p\u00e5st\u00e5ende om 91 dr\u00f6nare g\u00e5r p\u00e5 tv\u00e4rs med det ryska f\u00f6rsvarsdepartementets siffror, skriver Ukrainas public service-bolag Suspilne.<\/p>\n<p>Enligt departementet sk\u00f6ts 18 dr\u00f6nare ner \u00f6ver Novgorod p\u00e5 m\u00e5ndagsmorgonen, och senare 23 till.<\/p>\n<p>Omni \u00e4r politiskt obundna och oberoende. Vi str\u00e4var efter att ge fler perspektiv p\u00e5 nyheterna. Har du fr\u00e5gor eller synpunkter kring v\u00e5r rapportering? <a href=\"https:\/\/omni.se\/kreml-havdar-ukraina-attackerade-putins-palats\/a\/mailto:redaktion@omni.se\" class=\"ArticleActions_contactLink__W2F1M\" rel=\"nofollow noopener\" target=\"_blank\">Kontakta redaktionen<\/a><\/p>\n","protected":false},"excerpt":{"rendered":"Av Joel Malm\u00e9nPublicerad 29 december, 16:22. Uppdaterad 29 december, 16:33 Rysslands utrikesminister Sergej Lavrov h\u00e4vdar att Ukraina f\u00f6rs\u00f6kt&hellip;\n","protected":false},"author":2,"featured_media":120210,"comment_status":"","ping_status":"","sticky":false,"template":"","format":"standard","meta":{"footnotes":""},"categories":[5],"tags":[22,23,267,26,27,17,21,24,25,28,29,15,16,18,269,264,34,1403,31,33,32,30,19,20,263,261,262],"class_list":{"0":"post-120209","1":"post","2":"type-post","3":"status-publish","4":"format-standard","5":"has-post-thumbnail","7":"category-rubriker","8":"tag-breaking-news","9":"tag-breakingnews","10":"tag-europa","11":"tag-featured-news","12":"tag-featurednews","13":"tag-headlines","14":"tag-huvudnyheter","15":"tag-latest-news","16":"tag-latestnews","17":"tag-main-news","18":"tag-mainnews","19":"tag-news","20":"tag-nyheter","21":"tag-rubriker","22":"tag-ryska-invasionen","23":"tag-ryssland","24":"tag-se","25":"tag-sergej-lavrov","26":"tag-svenska","27":"tag-sverige","28":"tag-sweden","29":"tag-swedish","30":"tag-top-stories","31":"tag-topstories","32":"tag-ukraina","33":"tag-vladimir-putin","34":"tag-volodymyr-zelenskyj"},"share_on_mastodon":{"url":"https:\/\/pubeurope.com\/@se\/115804727037683037","error":""},"_links":{"self":[{"href":"https:\/\/www.europesays.com\/se\/wp-json\/wp\/v2\/posts\/120209","targetHints":{"allow":["GET"]}}],"collection":[{"href":"https:\/\/www.europesays.com\/se\/wp-json\/wp\/v2\/posts"}],"about":[{"href":"https:\/\/www.europesays.com\/se\/wp-json\/wp\/v2\/types\/post"}],"author":[{"embeddable":true,"href":"https:\/\/www.europesays.com\/se\/wp-json\/wp\/v2\/users\/2"}],"replies":[{"embeddable":true,"href":"https:\/\/www.europesays.com\/se\/wp-json\/wp\/v2\/comments?post=120209"}],"version-history":[{"count":0,"href":"https:\/\/www.europesays.com\/se\/wp-json\/wp\/v2\/posts\/120209\/revisions"}],"wp:featuredmedia":[{"embeddable":true,"href":"https:\/\/www.europesays.com\/se\/wp-json\/wp\/v2\/media\/120210"}],"wp:attachment":[{"href":"https:\/\/www.europesays.com\/se\/wp-json\/wp\/v2\/media?parent=120209"}],"wp:term":[{"taxonomy":"category","embeddable":true,"href":"https:\/\/www.europesays.com\/se\/wp-json\/wp\/v2\/categories?post=120209"},{"taxonomy":"post_tag","embeddable":true,"href":"https:\/\/www.europesays.com\/se\/wp-json\/wp\/v2\/tags?post=120209"}],"curies":[{"name":"wp","href":"https:\/\/api.w.org\/{rel}","templated":true}]}}