{"id":120221,"date":"2025-12-29T20:39:09","date_gmt":"2025-12-29T20:39:09","guid":{"rendered":"https:\/\/www.europesays.com\/se\/120221\/"},"modified":"2025-12-29T20:39:09","modified_gmt":"2025-12-29T20:39:09","slug":"sapo-i-tillslag-i-stockholm-man-misstankt-for-skadegorelse","status":"publish","type":"post","link":"https:\/\/www.europesays.com\/se\/120221\/","title":{"rendered":"S\u00e4po i tillslag i Stockholm \u2013 man misst\u00e4nkt f\u00f6r skadeg\u00f6relse"},"content":{"rendered":"<p class=\"sc-c25743f0-0 sc-e37c0145-2 hObFds DQgPn\"><strong>S\u00e4po har genomf\u00f6rt ett tillslag mot en man i Stockholmsomr\u00e5det.<br \/>Han misst\u00e4nks f\u00f6r skadeg\u00f6relse kopplat till Sveriges s\u00e4kerhet \u2013 \u00e5klagaren \u00e4r v\u00e4ldigt f\u00f6rtegen om fallet.<br \/>\u2013 Det handlar om en p\u00e5g\u00e5ende f\u00f6runders\u00f6kning som omfattas av sekretess, s\u00e4ger Johan Wikstr\u00f6m p\u00e5 S\u00e4po.<\/strong><\/p>\n<p class=\"sc-c25743f0-0 sc-e37c0145-2 hObFds DQgPn\">Omst\u00e4ndigheterna kring utredningen omfattas av strikt sekretess.<\/p>\n<p class=\"sc-c25743f0-0 sc-e37c0145-2 hObFds DQgPn\">S\u00e4kerhetspolisen, S\u00e4po, vill inte uppge n\u00e4r brottet skett men bekr\u00e4ftar att rubriceringen \u00e4r skadeg\u00f6relse. Enligt uppgifter till TV4 Nyheterna kopplas \u00e4rendet till Uppsala l\u00e4n. <\/p>\n<p class=\"sc-c25743f0-0 sc-e37c0145-2 hObFds DQgPn\">S\u00e4po bekr\u00e4ftar ocks\u00e5 att man genomf\u00f6rt en insats mot en misst\u00e4nkt som enligt uppgifter till TV4 Nyheterna \u00e4r en man.<\/p>\n<p class=\"sc-c25743f0-0 sc-e37c0145-2 hObFds DQgPn\">\u2013 S\u00e4kerhetspolisen har under f\u00f6rra veckan h\u00e4mtat in en person i Stockholmsomr\u00e5det f\u00f6r f\u00f6rh\u00f6r, med anledning av en p\u00e5g\u00e5ende f\u00f6runders\u00f6kning. Personen har sedan dess sl\u00e4ppts men \u00e4r fortsatt misst\u00e4nkt. Misstankarna r\u00f6r skadeg\u00f6relse, s\u00e4ger Johan Wikstr\u00f6m, presstalesperson p\u00e5 S\u00e4po.<\/p>\n<p>S\u00e4kerhets\u00e5klagaren: Jag har en plan<\/p>\n<p class=\"sc-c25743f0-0 sc-e37c0145-2 hObFds DQgPn\">Wikstr\u00f6m vill inte kommentera vilket av S\u00e4pos fem verksamhetsomr\u00e5den brottet kopplas till.<\/p>\n<p class=\"sc-c25743f0-0 sc-e37c0145-2 hObFds DQgPn\">\u2013  Eftersom det handlar om en p\u00e5g\u00e5ende f\u00f6runders\u00f6kning som omfattas av sekretess kan vi inte g\u00e5 in p\u00e5 fler detaljer, eller vilka eventuella ytterligare utrednings\u00e5tg\u00e4rder som vidtas i nul\u00e4get. S\u00e4kerhetspolisen utreder brott som faller inom ramen f\u00f6r v\u00e5rt uppdrag. Vad g\u00e4ller de konkreta brottsmisstankarna i detta fall \u00e4r det en fr\u00e5ga f\u00f6r \u00e5klagaren att besvara, s\u00e4ger Johan Wikstr\u00f6m.<\/p>\n<p class=\"sc-c25743f0-0 sc-e37c0145-2 hObFds DQgPn\">\u00c5klagare Lars Hedvall p\u00e5 Riksenheten f\u00f6r s\u00e4kerhetsm\u00e5l leder utredningen och \u00e4r v\u00e4ldigt f\u00e5ordig.<\/p>\n<p class=\"sc-c25743f0-0 sc-e37c0145-2 hObFds DQgPn\">\u2013 Jag kommenterar inte p\u00e5g\u00e5ende \u00e4renden. Vi \u00e4r precis i inledande skedet, s\u00e5 jag s\u00e4ger ingenting \u00f6verhuvudtaget, s\u00e4ger han.<\/p>\n<p class=\"sc-c25743f0-0 sc-e37c0145-2 hObFds DQgPn\">\u2013 Jag kan bara konstatera att det \u00e4r ett \u00e4rende om skadeg\u00f6relse som utreds av oss och d\u00e4r jag har en plan f\u00f6r hur utredningen ska ske och d\u00e5 kommenterar jag inte n\u00e5gonting.<\/p>\n<p class=\"sc-c25743f0-0 sc-e37c0145-2 hObFds DQgPn\">Mannens advokat vill inte heller uttala sig.<\/p>\n<p class=\"sc-c25743f0-0 sc-c5cf8a87-2 joNBdL gFLDso\">S\u00e4kerhetspolisens fem verksamhetsomr\u00e5den<\/p>\n<ul>\n<li>\n<p class=\"sc-c25743f0-0 sc-e37c0145-2 hObFds DQgPn\"><a href=\"https:\/\/sakerhetspolisen.se\/verksamheten\/kontraspionage.html\" class=\"pcc\" target=\"_blank\" rel=\"noopener noreferrer nofollow\"><strong>Kontraspionage<\/strong><\/a> inneb\u00e4r att f\u00f6rebygga och avsl\u00f6ja spioneri och annan olovlig underr\u00e4ttelseverksamhet. Denna kan rikta sig mot Sverige och svenska intressen utomlands samt mot utl\u00e4ndska intressen i landet och mot flyktingar.<\/p>\n<\/li>\n<li>\n<p class=\"sc-c25743f0-0 sc-e37c0145-2 hObFds DQgPn\"><a href=\"https:\/\/sakerhetspolisen.se\/verksamheten\/kontraterrorism.html\" class=\"pcc\" target=\"_blank\" rel=\"noopener noreferrer nofollow\"><strong>Kontraterrorism<\/strong><\/a> inneb\u00e4r att f\u00f6rebygga och avsl\u00f6ja terrorism som riktas mot Sverige, svenska intressen i utlandet, utl\u00e4ndska intressen i Sverige, terroristhandlingar i andra l\u00e4nder, f\u00f6rekomsten av internationella terroristn\u00e4tverks f\u00f6rgreningar i Sverige samt st\u00f6d och finansiering av terroristverksamhet.<\/p>\n<\/li>\n<li>\n<p class=\"sc-c25743f0-0 sc-e37c0145-2 hObFds DQgPn\"><a href=\"https:\/\/sakerhetspolisen.se\/verksamheten\/forfattningsskydd.html\" class=\"pcc\" target=\"_blank\" rel=\"noopener noreferrer nofollow\"><strong>F\u00f6rfattningsskydd<\/strong><\/a> inneb\u00e4r att motverka trakasserier, hot, v\u00e5ld, tv\u00e5ng eller korruption som syftar till att p\u00e5verka det demokratiska statsskickets funktioner.<\/p>\n<\/li>\n<li>\n<p class=\"sc-c25743f0-0 sc-e37c0145-2 hObFds DQgPn\"><a href=\"https:\/\/sakerhetspolisen.se\/verksamheten\/personskydd.html\" class=\"pcc\" target=\"_blank\" rel=\"noopener noreferrer nofollow\"><strong>Personskydd<\/strong><\/a>. S\u00e4kerhetspolisen ansvarar f\u00f6r s\u00e4kerheten kring den centrala statsledningen. Personskyddet best\u00e5r av m\u00e5nga olika delar f\u00f6r att h\u00f6ja s\u00e4kerheten, d\u00e4r den yttersta skydds\u00e5tg\u00e4rden \u00e4r livvaktsskydd.<\/p>\n<\/li>\n<li>\n<p class=\"sc-c25743f0-0 sc-e37c0145-2 hObFds DQgPn\"><a href=\"https:\/\/sakerhetspolisen.se\/sakerhetsskydd\/om-sakerhetsskydd.html\" class=\"pcc\" target=\"_blank\" rel=\"noopener noreferrer nofollow\"><strong>S\u00e4kerhetsskydd<\/strong><\/a> handlar om att skydda information och verksamheter av betydelse f\u00f6r Sveriges s\u00e4kerhet mot spioneri, sabotage, terroristbrott och vissa andra hot. Det handlar \u00e4ven om att skydda verksamhet som omfattas av ett f\u00f6r Sverige f\u00f6rpliktande internationellt \u00e5tagande om s\u00e4kerhetsskydd.<\/p>\n<\/li>\n<\/ul>\n<p class=\"sc-c25743f0-0 sc-e37c0145-2 hObFds DQgPn\">K\u00e4lla: S\u00e4kerhetspolisen.se<\/p>\n","protected":false},"excerpt":{"rendered":"S\u00e4po har genomf\u00f6rt ett tillslag mot en man i Stockholmsomr\u00e5det.Han misst\u00e4nks f\u00f6r skadeg\u00f6relse kopplat till Sveriges s\u00e4kerhet \u2013&hellip;\n","protected":false},"author":2,"featured_media":120222,"comment_status":"","ping_status":"","sticky":false,"template":"","format":"standard","meta":{"footnotes":""},"categories":[14],"tags":[22,23,26,27,17,21,24,25,28,29,15,16,18,34,31,33,32,30,19,20,51,52,53,54],"class_list":{"0":"post-120221","1":"post","2":"type-post","3":"status-publish","4":"format-standard","5":"has-post-thumbnail","7":"category-varlden","8":"tag-breaking-news","9":"tag-breakingnews","10":"tag-featured-news","11":"tag-featurednews","12":"tag-headlines","13":"tag-huvudnyheter","14":"tag-latest-news","15":"tag-latestnews","16":"tag-main-news","17":"tag-mainnews","18":"tag-news","19":"tag-nyheter","20":"tag-rubriker","21":"tag-se","22":"tag-svenska","23":"tag-sverige","24":"tag-sweden","25":"tag-swedish","26":"tag-top-stories","27":"tag-topstories","28":"tag-varlden","29":"tag-world","30":"tag-world-news","31":"tag-worldnews"},"share_on_mastodon":{"url":"https:\/\/pubeurope.com\/@se\/115804789935830061","error":""},"_links":{"self":[{"href":"https:\/\/www.europesays.com\/se\/wp-json\/wp\/v2\/posts\/120221","targetHints":{"allow":["GET"]}}],"collection":[{"href":"https:\/\/www.europesays.com\/se\/wp-json\/wp\/v2\/posts"}],"about":[{"href":"https:\/\/www.europesays.com\/se\/wp-json\/wp\/v2\/types\/post"}],"author":[{"embeddable":true,"href":"https:\/\/www.europesays.com\/se\/wp-json\/wp\/v2\/users\/2"}],"replies":[{"embeddable":true,"href":"https:\/\/www.europesays.com\/se\/wp-json\/wp\/v2\/comments?post=120221"}],"version-history":[{"count":0,"href":"https:\/\/www.europesays.com\/se\/wp-json\/wp\/v2\/posts\/120221\/revisions"}],"wp:featuredmedia":[{"embeddable":true,"href":"https:\/\/www.europesays.com\/se\/wp-json\/wp\/v2\/media\/120222"}],"wp:attachment":[{"href":"https:\/\/www.europesays.com\/se\/wp-json\/wp\/v2\/media?parent=120221"}],"wp:term":[{"taxonomy":"category","embeddable":true,"href":"https:\/\/www.europesays.com\/se\/wp-json\/wp\/v2\/categories?post=120221"},{"taxonomy":"post_tag","embeddable":true,"href":"https:\/\/www.europesays.com\/se\/wp-json\/wp\/v2\/tags?post=120221"}],"curies":[{"name":"wp","href":"https:\/\/api.w.org\/{rel}","templated":true}]}}