{"id":120223,"date":"2025-12-29T20:41:11","date_gmt":"2025-12-29T20:41:11","guid":{"rendered":"https:\/\/www.europesays.com\/se\/120223\/"},"modified":"2025-12-29T20:41:11","modified_gmt":"2025-12-29T20:41:11","slug":"misstankte-26-aringens-liv-pa-anstalten-hotade-att-pricka-personalen","status":"publish","type":"post","link":"https:\/\/www.europesays.com\/se\/120223\/","title":{"rendered":"Misst\u00e4nkte 26-\u00e5ringens liv p\u00e5 anstalten \u2013 hotade att \u201dpricka\u201d personalen"},"content":{"rendered":"<p><img decoding=\"async\" class=\"image-asset hyperion-css-n6kkq1\" data-test-tag=\"image-asset\" src=\"https:\/\/www.europesays.com\/se\/wp-content\/uploads\/2025\/12\/f6452e22-0691-44ff-a712-455c2d79c90e.png\"  alt=\"\"  loading=\"lazy\" fetchpriority=\"auto\" style=\"aspect-ratio:1900 \/ 1900\"\/><img decoding=\"async\" class=\"image-asset hyperion-css-n6kkq1\" data-test-tag=\"image-asset\" src=\"https:\/\/www.europesays.com\/se\/wp-content\/uploads\/2025\/12\/49e0b678-b697-407a-b243-05528304a362.png\"  alt=\"\"  loading=\"lazy\" fetchpriority=\"auto\" style=\"aspect-ratio:1900 \/ 1900\"\/><\/p>\n<p class=\"boxtextgrotesk-root_baa6 hyperion-css-7pajle\">Uppdaterad 19.54 | Publicerad 19.30<\/p>\n<p>share-arrowDela<\/p>\n<p>unsaveSpara<\/p>\n<p>expand-left<\/p>\n<p>helsk\u00e4rm<img decoding=\"async\" class=\"image-asset hyperion-css-u06ts1\" data-test-tag=\"image-asset\" src=\"https:\/\/www.europesays.com\/se\/wp-content\/uploads\/2025\/12\/45e78546-b4c8-4481-a99f-b2ea8e107c0d.jpeg\"  alt=\"\"  loading=\"eager\" fetchpriority=\"high\" style=\"aspect-ratio:609 \/ 493\"\/><\/p>\n<p class=\"hyperion-css-1shl3oz\" data-test-tag=\"lead-text\">V\u00e5ld, br\u00e5k och hot om att skjuta kriminalv\u00e5rdare.<\/p>\n<p class=\"hyperion-css-1shl3oz\" data-test-tag=\"lead-text\">Efter kidnappningsf\u00f6rs\u00f6ket d\u00f6mdes 26-\u00e5ringen till f\u00e4ngelse, d\u00e4r problemen fortsatte.<\/p>\n<p class=\"hyperion-css-1shl3oz\" data-test-tag=\"lead-text\">Nu misst\u00e4nks personen ha styckm\u00f6rdat kvinnan i R\u00f6nninge.<\/p>\n<p class=\"hyperion-css-1v9qo5x\">I l\u00f6rdags kv\u00e4ll greps en 26-\u00e5ring, p\u00e5 sannolika sk\u00e4l misst\u00e4nkt f\u00f6r styckmordet p\u00e5 en kvinna som f\u00f6rsvunnit i <a data-test-tag=\"internal-link\" href=\"https:\/\/www.aftonbladet.se\/tagg\/ronninge\" class=\"hyperion-css-15jkft9\" rel=\"nofollow noopener\" target=\"\" aria-label=\"R\u00f6nninge\">R\u00f6nninge<\/a>. Polisen hade haft span p\u00e5 den misst\u00e4nkta personen.<\/p>\n<p class=\"hyperion-css-1v9qo5x\">Den misst\u00e4nkta hade k\u00f6rt till ett skogsparti som l\u00e5g flera mil fr\u00e5n R\u00f6nninge station, d\u00e4r kvinnan senast setts, och f\u00f6rs\u00f6kt gr\u00e4va ner kroppen. Enligt uppgifter till Aftonbladet erk\u00e4nde den misst\u00e4nkta vid gripandet att kvinnan, som varit f\u00f6rsvunnen sedan natten till annandagen, styckm\u00f6rdats.<\/p>\n<p>expand-left<\/p>\n<p>helsk\u00e4rm<img decoding=\"async\" class=\"image-asset hyperion-css-u06ts1\" data-test-tag=\"image-asset\" src=\"https:\/\/www.europesays.com\/se\/wp-content\/uploads\/2025\/12\/ec19145a-cdfb-478d-b9b9-d23d6d4d13f7.jpeg\"  alt=\"Den svarta masken som 26-\u00e5ringen k\u00f6pte in f\u00f6re kidnappningsf\u00f6rs\u00f6ket av flickan.\"  loading=\"eager\" fetchpriority=\"high\" style=\"aspect-ratio:386 \/ 306\"\/>Den svarta masken som 26-\u00e5ringen k\u00f6pte in f\u00f6re kidnappningsf\u00f6rs\u00f6ket av flickan. Foto: Polisen<\/p>\n<p class=\"hyperion-css-1v9qo5x\">26-\u00e5ringen har tidigare d\u00f6mts <a data-test-tag=\"internal-link\" href=\"https:\/\/www.aftonbladet.se\/nyheter\/a\/0pnbb6\/misstankta-mordaren-i-ronninge-tidigare-domd-for-kidnappningsforsok\" class=\"hyperion-css-15jkft9\" rel=\"nofollow noopener\" target=\"\" aria-label=\"i ett uppm\u00e4rksammat fall \u2013 det g\u00e4llde ett kidnappningsf\u00f6rs\u00f6k.\">i ett uppm\u00e4rksammat fall \u2013 det g\u00e4llde ett kidnappningsf\u00f6rs\u00f6k.<\/a><\/p>\n<p class=\"hyperion-css-1v9qo5x\">Den d\u00e5 19-\u00e5rige mannen har efter domen bytt namn flera g\u00e5nger. Personen har nu ett kvinnonamn.<\/p>\n<p>F\u00e4ngelse f\u00f6r m\u00e4nniskorov<\/p>\n<p class=\"hyperion-css-1v9qo5x\">I det tidigare fallet hade en flicka i tio\u00e5rs\u00e5ldern knuffats in i en bil i vad r\u00e4tten beskrev som ett f\u00f6rs\u00f6k att skada hennes liv och h\u00e4lsa.<\/p>\n<p class=\"hyperion-css-1v9qo5x\">Enligt \u00e5klagaren hade den \u00e5talade p\u00e5 f\u00f6rhand bland annat s\u00f6kt p\u00e5 \u201dg\u00f6ra n\u00e5gon medvetsl\u00f6s\u201d, \u201dv\u00e5ldt\u00e4ktsdrog\u201d och \u201dhur v\u00e5ldtar man\u201d. I datorn hittade polisen bilder p\u00e5 d\u00f6da och nakna kvinnokroppar samt tusentals barnporrbilder.<\/p>\n<p class=\"hyperion-css-1v9qo5x\">Straffet blev tv\u00e5 \u00e5r och fyra m\u00e5naders f\u00e4ngelse f\u00f6r f\u00f6rs\u00f6k till m\u00e4nniskorov och grovt barnpornografibrott.<\/p>\n<p class=\"hyperion-css-1v9qo5x\">Innanf\u00f6r murarna fortsatte problemen.<\/p>\n<p>expand-left<\/p>\n<p>helsk\u00e4rm<img decoding=\"async\" class=\"image-asset hyperion-css-u06ts1\" data-test-tag=\"image-asset\" src=\"https:\/\/www.europesays.com\/se\/wp-content\/uploads\/2025\/12\/1a2a7b0e-d789-47dd-8e9b-fc29837b76e1.jpeg\"  alt=\"Anstalten Kristianstad.\"  loading=\"eager\" fetchpriority=\"high\" style=\"aspect-ratio:1900 \/ 1020\"\/>Anstalten Kristianstad. Foto: Johan Nilsson \/ TTFick byta anstalt<\/p>\n<p class=\"hyperion-css-1v9qo5x\">Den misst\u00e4nkta hamnade f\u00f6rst p\u00e5 anstalten Kristianstad men fick i september 2020 flyttas till Salberga och placerades d\u00e4r i avskildhet efter en rapport om hot eller v\u00e5ld mot tj\u00e4nsteman, vilket resulterat i en varning.<\/p>\n<p class=\"hyperion-css-1v9qo5x\">\u201dDetta tillsammans med tidigare rapporter om missk\u00f6tsamhet samt daganteckningar om ol\u00e4mpliga beteenden och uttalanden g\u00f6r att anstalten bed\u00f6mer att XX \u00e4r behov av mer st\u00f6d och kontroll \u00e4n vad nuvarande placering kan erbjuda,\u201d skrev Kriminalv\u00e5rden i sin motivering till att mannen flyttades.<\/p>\n<p class=\"hyperion-css-1v9qo5x\">Vid fyra tillf\u00e4llen hade 26-\u00e5ringen rapporterats f\u00f6r missk\u00f6tsamhet och det fanns enligt Kriminalv\u00e5rdens dokument \u00e4ven \u201dflera daganteckningar som beskrivit ett ol\u00e4mpligt beteende\u201d.<\/p>\n<p>expand-left<\/p>\n<p>helsk\u00e4rm<img decoding=\"async\" class=\"image-asset hyperion-css-u06ts1\" data-test-tag=\"image-asset\" src=\"https:\/\/www.europesays.com\/se\/wp-content\/uploads\/2025\/12\/6269ead0-de86-4d59-8580-3ca038c071d4.jpeg\"  alt=\"Den mordmisst\u00e4nkta flyttades till Salbergaanstalten och placerades i avskildhet.\"  loading=\"eager\" fetchpriority=\"high\" style=\"aspect-ratio:1900 \/ 1265\"\/>Den mordmisst\u00e4nkta flyttades till Salbergaanstalten och placerades i avskildhet. Foto: Anna T\u00e4rnhuvud \/ SchibstedHotade \u201dpricka\u201d personal<\/p>\n<p class=\"hyperion-css-1v9qo5x\">I november 2020 placerades den misst\u00e4nkta i avskildhet p\u00e5 Salberga efter att ett st\u00f6rre slagsm\u00e5l, med ett \u201dstort antal intagna inblandade\u201d utbrutit.<\/p>\n<p class=\"hyperion-css-1v9qo5x\">N\u00e5gra m\u00e5nader tidigare hade 26-\u00e5ringen pratat med sin svetsl\u00e4rare och andra intagna p\u00e5 en svetsutbildning inne p\u00e5 f\u00e4ngelset, och uttryckt en stor ilska \u00f6ver att ha f\u00e5tt sin ans\u00f6kan om omplacering till s\u00e4kerhetsklass 3 avslagen.<\/p>\n<p class=\"hyperion-css-1v9qo5x\">Den nu misst\u00e4nkta kidnappningsm\u00f6rdaren skyllde avslaget p\u00e5 en kvinnlig kriminalv\u00e5rdare p\u00e5 sexualbrottsavdelningen och riktade flera okv\u00e4desord mot henne. Bland annat ska 26-\u00e5ringen ha ber\u00e4ttat om planer p\u00e5 att ligga utanf\u00f6r anstalten och \u201dpricka\u201d personal, vilket svetsl\u00e4raren uppfattat som att skjuta anstaltens anst\u00e4llda, enligt uppgifter fr\u00e5n Kriminalv\u00e5rden.<\/p>\n<p>expand-left<\/p>\n<p>helsk\u00e4rm<img decoding=\"async\" class=\"image-asset hyperion-css-u06ts1\" data-test-tag=\"image-asset\" src=\"https:\/\/www.europesays.com\/se\/wp-content\/uploads\/2025\/12\/2589f57c-4df9-4b49-b61b-4aaf3a0e7e58.jpeg\"  alt=\"P\u00e5g\u00e5ende s\u00f6k under l\u00f6rdagens eftermiddag och in p\u00e5 kv\u00e4llen. \"  loading=\"eager\" fetchpriority=\"high\" style=\"aspect-ratio:1900 \/ 1267\"\/>P\u00e5g\u00e5ende s\u00f6k under l\u00f6rdagens eftermiddag och in p\u00e5 kv\u00e4llen. Foto: Carolina Byrmo<\/p>\n<p class=\"hyperion-css-1v9qo5x\">\u201dUttalandena \u00e4r allvarliga och bed\u00f6ms som hot mot tj\u00e4nsteman,\u201d skrev Kriminalv\u00e5rden i sitt klientsammandrag. Missk\u00f6tsamheten ledde till en varning och polisanm\u00e4ldes. Den ledde \u00e4ven till att den intagne nekades en permission.<\/p>\n<p>Misst\u00e4nktes kunna beg\u00e5 brott<\/p>\n<p class=\"hyperion-css-1v9qo5x\">\u201dI och med att XX \u00e5dragit sig en missk\u00f6tsamhet av allvarligare slag bed\u00f6mer anstalten Salberga att det finns en risk att XX kommer att beg\u00e5 brott, undandra sig straffets fullg\u00f6rande eller p\u00e5 annat s\u00e4tt missk\u00f6ta sig under permissionen,\u201d skrev anstalten Salberga som motivation till att avsl\u00e5 permissionsans\u00f6kan.<\/p>\n<p class=\"hyperion-css-1v9qo5x\">Den misst\u00e4nkta var besviken \u00f6ver att ha f\u00e5tt avslag och k\u00e4nde sig konstant nedtryckt, men att detaljen om att skjuta varit n\u00e5got som m\u00e5ste ha missuppfattats. <\/p>\n<p>expand-left<\/p>\n<p>helsk\u00e4rm<img decoding=\"async\" class=\"image-asset hyperion-css-u06ts1\" data-test-tag=\"image-asset\" src=\"https:\/\/www.europesays.com\/se\/wp-content\/uploads\/2025\/12\/82406add-8db6-40c8-a929-c2ff3d94208b.jpeg\"  alt=\"Polis hade under l\u00f6rdagen en l\u00e5ng spaningsinsats mot den misst\u00e4nkta g\u00e4rningspersonen.\"  loading=\"eager\" fetchpriority=\"high\" style=\"aspect-ratio:1900 \/ 1266\"\/>Polis hade under l\u00f6rdagen en l\u00e5ng spaningsinsats mot den misst\u00e4nkta g\u00e4rningspersonen. Foto: Carolina Byrmo<\/p>\n<p class=\"hyperion-css-1v9qo5x\">M\u00e5naden innan beviljades en 2,5 timmes permission under tillsyn. Enligt Kriminalv\u00e5rdens uppgifter var syftet med permissionen att med anstaltens bil skulle \u00e5ka till ett naturomr\u00e5de, d\u00e4r det skulle finnas m\u00f6jlighet att fika, med en medf\u00f6ljande v\u00e5rdare i civila kl\u00e4der.<\/p>\n<p class=\"hyperion-css-1v9qo5x\">I augusti 2020 hade den nu misst\u00e4nkta m\u00f6rdaren blivit rapporterad f\u00f6r ol\u00e4mpligt upptr\u00e4dande d\u00e5 svetsl\u00e4raren sagt till en hel grupp att st\u00e4da i verkstaden, vilket alla utom 26-\u00e5ringen gjort.<\/p>\n<p class=\"hyperion-css-1v9qo5x\">Efter avtj\u00e4nat f\u00e4ngelsestraff utbildade 26-\u00e5ringen sig till lastbilschauff\u00f6r, och var i omkring tv\u00e5 m\u00e5nader sommaren 2023 timanst\u00e4lld p\u00e5 ett \u00e5keri i S\u00f6dert\u00e4lje kommun.<\/p>\n<p class=\"hyperion-css-1v9qo5x\">\u201dAnst\u00e4llningen avslutades p\u00e5 arbetsgivarens initiativ,\u201d skriver \u00e5keriet till Aftonbladet.<\/p>\n<p>expand-left<\/p>\n<p>helsk\u00e4rm<img decoding=\"async\" class=\"image-asset hyperion-css-u06ts1\" data-test-tag=\"image-asset\" src=\"https:\/\/www.europesays.com\/se\/wp-content\/uploads\/2025\/12\/b527656e-2671-4713-b53e-c4a0618f14e7.jpeg\"  alt=\"01:26 syns kvinnan p\u00e5 R\u00f6nninge stations \u00f6vervakningskamera f\u00f6r sista g\u00e5ngen.\"  loading=\"eager\" fetchpriority=\"high\" style=\"aspect-ratio:1900 \/ 1267\"\/>01:26 syns kvinnan p\u00e5 R\u00f6nninge stations \u00f6vervakningskamera f\u00f6r sista g\u00e5ngen. Foto: Nils Petter Nilsson\/TT<\/p>\n","protected":false},"excerpt":{"rendered":"Uppdaterad 19.54 | Publicerad 19.30 share-arrowDela unsaveSpara expand-left helsk\u00e4rm V\u00e5ld, br\u00e5k och hot om att skjuta kriminalv\u00e5rdare. Efter&hellip;\n","protected":false},"author":2,"featured_media":120224,"comment_status":"","ping_status":"","sticky":false,"template":"","format":"standard","meta":{"footnotes":""},"categories":[5],"tags":[22,23,26,27,17,21,24,25,28,29,15,16,18,34,31,33,32,30,19,20],"class_list":{"0":"post-120223","1":"post","2":"type-post","3":"status-publish","4":"format-standard","5":"has-post-thumbnail","7":"category-rubriker","8":"tag-breaking-news","9":"tag-breakingnews","10":"tag-featured-news","11":"tag-featurednews","12":"tag-headlines","13":"tag-huvudnyheter","14":"tag-latest-news","15":"tag-latestnews","16":"tag-main-news","17":"tag-mainnews","18":"tag-news","19":"tag-nyheter","20":"tag-rubriker","21":"tag-se","22":"tag-svenska","23":"tag-sverige","24":"tag-sweden","25":"tag-swedish","26":"tag-top-stories","27":"tag-topstories"},"share_on_mastodon":{"url":"https:\/\/pubeurope.com\/@se\/115804797927023913","error":""},"_links":{"self":[{"href":"https:\/\/www.europesays.com\/se\/wp-json\/wp\/v2\/posts\/120223","targetHints":{"allow":["GET"]}}],"collection":[{"href":"https:\/\/www.europesays.com\/se\/wp-json\/wp\/v2\/posts"}],"about":[{"href":"https:\/\/www.europesays.com\/se\/wp-json\/wp\/v2\/types\/post"}],"author":[{"embeddable":true,"href":"https:\/\/www.europesays.com\/se\/wp-json\/wp\/v2\/users\/2"}],"replies":[{"embeddable":true,"href":"https:\/\/www.europesays.com\/se\/wp-json\/wp\/v2\/comments?post=120223"}],"version-history":[{"count":0,"href":"https:\/\/www.europesays.com\/se\/wp-json\/wp\/v2\/posts\/120223\/revisions"}],"wp:featuredmedia":[{"embeddable":true,"href":"https:\/\/www.europesays.com\/se\/wp-json\/wp\/v2\/media\/120224"}],"wp:attachment":[{"href":"https:\/\/www.europesays.com\/se\/wp-json\/wp\/v2\/media?parent=120223"}],"wp:term":[{"taxonomy":"category","embeddable":true,"href":"https:\/\/www.europesays.com\/se\/wp-json\/wp\/v2\/categories?post=120223"},{"taxonomy":"post_tag","embeddable":true,"href":"https:\/\/www.europesays.com\/se\/wp-json\/wp\/v2\/tags?post=120223"}],"curies":[{"name":"wp","href":"https:\/\/api.w.org\/{rel}","templated":true}]}}