{"id":120234,"date":"2025-12-29T20:57:13","date_gmt":"2025-12-29T20:57:13","guid":{"rendered":"https:\/\/www.europesays.com\/se\/120234\/"},"modified":"2025-12-29T20:57:13","modified_gmt":"2025-12-29T20:57:13","slug":"kommer-inte-lagga-ner-vapen","status":"publish","type":"post","link":"https:\/\/www.europesays.com\/se\/120234\/","title":{"rendered":"Kommer inte l\u00e4gga ner vapen"},"content":{"rendered":"<p>share-arrowDela<\/p>\n<p>unsaveSpara<\/p>\n<p>expand-left<\/p>\n<p>helsk\u00e4rm<img decoding=\"async\" class=\"image-asset hyperion-css-u06ts1\" data-test-tag=\"image-asset\" src=\"https:\/\/www.europesays.com\/se\/wp-content\/uploads\/2025\/12\/d83c7693-21a3-48b1-98f3-124e7f062952.jpeg\"  alt=\"F\u00f6r\u00f6delse i Gaza stad. Bilden \u00e4r tagen 12 november.\"  loading=\"eager\" fetchpriority=\"high\" style=\"aspect-ratio:1900 \/ 1267\"\/>F\u00f6r\u00f6delse i Gaza stad. Bilden \u00e4r tagen 12 november. Foto: Jehad Alshrafi\/AP\/TT<\/p>\n<p class=\"hyperion-css-1shl3oz\" data-test-tag=\"lead-text\">Hamas kommer inte att l\u00e4gga ner sina vapen \u201ds\u00e5 l\u00e4nge ockupationen best\u00e5r\u201d. Det s\u00e4ger den terrorst\u00e4mplade r\u00f6relsen inf\u00f6r den israeliska premi\u00e4rministern Benjamin Netanyahus bes\u00f6k i Vita huset p\u00e5 m\u00e5ndagen.<\/p>\n<p class=\"hyperion-css-1v9qo5x\">\u201dV\u00e5rt folk f\u00f6rsvar sig och kommer inte att ge upp sina vapen s\u00e5 l\u00e4nge ockupationen best\u00e5r\u201d, heter det i ett videouttalande fr\u00e5n Abu Obeida, nytillsatt talesperson f\u00f6r Hamas v\u00e4pnade gren al-Qassam-brigaderna.<\/p>\n<p class=\"hyperion-css-1v9qo5x\">Den nya talespersonen har tagit samma namn som sin f\u00f6retr\u00e4dare, vars d\u00f6d bekr\u00e4ftades av Hamas tidigare p\u00e5 m\u00e5ndagen.<\/p>\n<p class=\"hyperion-css-1v9qo5x\">Uttalandet ska ses i ljuset av USA:s president Donald Trump tar emot Israels ledare Benjamin Netanyahu i Vita huset p\u00e5 m\u00e5ndagskv\u00e4llen svensk tid, d\u00e4r de tv\u00e5 ska diskutera Gaza.<\/p>\n<p class=\"hyperion-css-1v9qo5x\">Enligt k\u00e4lluppgifter finns det en oro i delar av Trumps stab f\u00f6r att b\u00e5de Hamas och Israel f\u00f6rhalar processen om att inleda fas tv\u00e5 i vapenvilan. Enligt r\u00e5dande plan innefattar den b\u00e5de israeliskt tillbakadragande fr\u00e5n remsan och en avv\u00e4pning av Hamas \u2013 n\u00e5got den terrorst\u00e4mplade r\u00f6relsen flera g\u00e5nger avvisat.<\/p>\n","protected":false},"excerpt":{"rendered":"share-arrowDela unsaveSpara expand-left helsk\u00e4rmF\u00f6r\u00f6delse i Gaza stad. Bilden \u00e4r tagen 12 november. Foto: Jehad Alshrafi\/AP\/TT Hamas kommer inte&hellip;\n","protected":false},"author":2,"featured_media":120235,"comment_status":"","ping_status":"","sticky":false,"template":"","format":"standard","meta":{"footnotes":""},"categories":[5],"tags":[22,23,26,27,17,21,24,25,28,29,15,16,18,34,31,33,32,30,19,20],"class_list":{"0":"post-120234","1":"post","2":"type-post","3":"status-publish","4":"format-standard","5":"has-post-thumbnail","7":"category-rubriker","8":"tag-breaking-news","9":"tag-breakingnews","10":"tag-featured-news","11":"tag-featurednews","12":"tag-headlines","13":"tag-huvudnyheter","14":"tag-latest-news","15":"tag-latestnews","16":"tag-main-news","17":"tag-mainnews","18":"tag-news","19":"tag-nyheter","20":"tag-rubriker","21":"tag-se","22":"tag-svenska","23":"tag-sverige","24":"tag-sweden","25":"tag-swedish","26":"tag-top-stories","27":"tag-topstories"},"share_on_mastodon":{"url":"https:\/\/pubeurope.com\/@se\/115804860752719147","error":""},"_links":{"self":[{"href":"https:\/\/www.europesays.com\/se\/wp-json\/wp\/v2\/posts\/120234","targetHints":{"allow":["GET"]}}],"collection":[{"href":"https:\/\/www.europesays.com\/se\/wp-json\/wp\/v2\/posts"}],"about":[{"href":"https:\/\/www.europesays.com\/se\/wp-json\/wp\/v2\/types\/post"}],"author":[{"embeddable":true,"href":"https:\/\/www.europesays.com\/se\/wp-json\/wp\/v2\/users\/2"}],"replies":[{"embeddable":true,"href":"https:\/\/www.europesays.com\/se\/wp-json\/wp\/v2\/comments?post=120234"}],"version-history":[{"count":0,"href":"https:\/\/www.europesays.com\/se\/wp-json\/wp\/v2\/posts\/120234\/revisions"}],"wp:featuredmedia":[{"embeddable":true,"href":"https:\/\/www.europesays.com\/se\/wp-json\/wp\/v2\/media\/120235"}],"wp:attachment":[{"href":"https:\/\/www.europesays.com\/se\/wp-json\/wp\/v2\/media?parent=120234"}],"wp:term":[{"taxonomy":"category","embeddable":true,"href":"https:\/\/www.europesays.com\/se\/wp-json\/wp\/v2\/categories?post=120234"},{"taxonomy":"post_tag","embeddable":true,"href":"https:\/\/www.europesays.com\/se\/wp-json\/wp\/v2\/tags?post=120234"}],"curies":[{"name":"wp","href":"https:\/\/api.w.org\/{rel}","templated":true}]}}