{"id":120236,"date":"2025-12-29T20:59:08","date_gmt":"2025-12-29T20:59:08","guid":{"rendered":"https:\/\/www.europesays.com\/se\/120236\/"},"modified":"2025-12-29T20:59:08","modified_gmt":"2025-12-29T20:59:08","slug":"vasteras-budar-pa-noel-sernelius","status":"publish","type":"post","link":"https:\/\/www.europesays.com\/se\/120236\/","title":{"rendered":"V\u00e4ster\u00e5s budar p\u00e5 Noel Sernelius"},"content":{"rendered":"<p><a data-test-tag=\"internal-link\" href=\"https:\/\/www.aftonbladet.se\/av\/daniel-kristoffersson\" class=\"hyperion-css-13ns1rr\" rel=\"nofollow noopener\" target=\"\" aria-label=\"Se alla artiklar av Daniel Kristoffersson\"><img decoding=\"async\" class=\"image-asset hyperion-css-n6kkq1\" data-test-tag=\"image-asset\" src=\"https:\/\/www.europesays.com\/se\/wp-content\/uploads\/2025\/12\/1767041948_271_47a1d14f-3c52-4905-890d-45c65cb040ad.png\"  alt=\"\"  loading=\"lazy\" fetchpriority=\"auto\" style=\"aspect-ratio:1900 \/ 1900\"\/><\/a>share-arrowDela<\/p>\n<p>unsaveSpara<\/p>\n<p>expand-left<\/p>\n<p>helsk\u00e4rm<img decoding=\"async\" class=\"image-asset hyperion-css-u06ts1\" data-test-tag=\"image-asset\" src=\"https:\/\/www.europesays.com\/se\/wp-content\/uploads\/2025\/12\/f5487b21-5e82-4312-bc4b-09cf21113436.jpeg\"  alt=\"Noel Sernelius.\"  loading=\"eager\" fetchpriority=\"high\" style=\"aspect-ratio:1900 \/ 1267\"\/>Noel Sernelius. Foto: Mathias Bergeld \/ Bildbyr\u00e5n<\/p>\n<p class=\"hyperion-css-1shl3oz\" data-test-tag=\"lead-text\">H\u00e4r \u00e4r spelaren som V\u00e4ster\u00e5s SK vill v\u00e4rva. <\/p>\n<p class=\"hyperion-css-1shl3oz\" data-test-tag=\"lead-text\">Enligt Sportbladets uppgifter har klubben lagt ett f\u00f6rsta p\u00e5 bud p\u00e5 IFK Norrk\u00f6pings mittf\u00e4ltare Noel Sernelius. <\/p>\n<p class=\"hyperion-css-1v9qo5x\"><a data-test-tag=\"internal-link\" href=\"https:\/\/www.aftonbladet.se\/tagg\/ifk-norrkoping\" class=\"hyperion-css-15jkft9\" rel=\"nofollow noopener\" target=\"\" aria-label=\"IFK Norrk\u00f6pings\" theme=\"sportbladet\">IFK Norrk\u00f6pings<\/a> mittf\u00e4ltare Noel Sernelius l\u00e5nades ut till Husqvarna FF under 2025, samtidigt som klubben meddelade att man f\u00f6rl\u00e4ngde kontraktet med 19-\u00e5ringen \u00f6ver 2027. <\/p>\n<p class=\"hyperion-css-1v9qo5x\">Men \u201dPeking\u201d \u00e5kte som bekant ur allsvenskan och m\u00e5ste minska den ekonomiska kostymen en aning inf\u00f6r kommande s\u00e4song i superettan. <\/p>\n<p class=\"hyperion-css-1v9qo5x\"><a aria-label=\"Sernelius hyllades f\u00f6r sina insatser\" class=\"sportbladet hyperion-css-15jkft9\" href=\"https:\/\/www.nt.se\/sport\/fotboll\/artikel\/trots-kraftgangen-ifk-loftet-hyllas\/rmp5o76r\" rel=\"noopener nofollow noreferrer\" data-test-tag=\"external-link\" target=\"_blank\">Sernelius hyllades f\u00f6r sina insatser<\/a> i Husqvarna FF, trots att laget \u00e5kte ur Ettan S\u00f6dra och mittf\u00e4ltaren gjorde 29 matcher, tv\u00e5 m\u00e5l och fyra framspelningar under 2025. <\/p>\n<p class=\"hyperion-css-1v9qo5x\">Nu vill <a data-test-tag=\"internal-link\" href=\"https:\/\/www.aftonbladet.se\/tagg\/vasteras-sk\" class=\"hyperion-css-15jkft9\" rel=\"nofollow noopener\" target=\"\" aria-label=\"V\u00e4ster\u00e5s SK\" theme=\"sportbladet\">V\u00e4ster\u00e5s SK<\/a> v\u00e4rva spelaren, erfar Sportbladet. <\/p>\n<p class=\"hyperion-css-1v9qo5x\">Ett f\u00f6rsta bud ska ocks\u00e5 vara lagt p\u00e5 Sernelius och det \u00e5terst\u00e5r att se om parterna lyckas komma \u00f6verens. Klart \u00e4r att VSK vill ha in mittf\u00e4ltaren i lagbygget inf\u00f6r den allsvenska s\u00e4songen. <\/p>\n","protected":false},"excerpt":{"rendered":"share-arrowDela unsaveSpara expand-left helsk\u00e4rmNoel Sernelius. Foto: Mathias Bergeld \/ Bildbyr\u00e5n H\u00e4r \u00e4r spelaren som V\u00e4ster\u00e5s SK vill v\u00e4rva.&hellip;\n","protected":false},"author":2,"featured_media":120237,"comment_status":"","ping_status":"","sticky":false,"template":"","format":"standard","meta":{"footnotes":""},"categories":[68],"tags":[34,111,110,31,33,32,30],"class_list":{"0":"post-120236","1":"post","2":"type-post","3":"status-publish","4":"format-standard","5":"has-post-thumbnail","7":"category-sport","8":"tag-se","9":"tag-sport","10":"tag-sports","11":"tag-svenska","12":"tag-sverige","13":"tag-sweden","14":"tag-swedish"},"share_on_mastodon":{"url":"https:\/\/pubeurope.com\/@se\/115804868679228781","error":""},"_links":{"self":[{"href":"https:\/\/www.europesays.com\/se\/wp-json\/wp\/v2\/posts\/120236","targetHints":{"allow":["GET"]}}],"collection":[{"href":"https:\/\/www.europesays.com\/se\/wp-json\/wp\/v2\/posts"}],"about":[{"href":"https:\/\/www.europesays.com\/se\/wp-json\/wp\/v2\/types\/post"}],"author":[{"embeddable":true,"href":"https:\/\/www.europesays.com\/se\/wp-json\/wp\/v2\/users\/2"}],"replies":[{"embeddable":true,"href":"https:\/\/www.europesays.com\/se\/wp-json\/wp\/v2\/comments?post=120236"}],"version-history":[{"count":0,"href":"https:\/\/www.europesays.com\/se\/wp-json\/wp\/v2\/posts\/120236\/revisions"}],"wp:featuredmedia":[{"embeddable":true,"href":"https:\/\/www.europesays.com\/se\/wp-json\/wp\/v2\/media\/120237"}],"wp:attachment":[{"href":"https:\/\/www.europesays.com\/se\/wp-json\/wp\/v2\/media?parent=120236"}],"wp:term":[{"taxonomy":"category","embeddable":true,"href":"https:\/\/www.europesays.com\/se\/wp-json\/wp\/v2\/categories?post=120236"},{"taxonomy":"post_tag","embeddable":true,"href":"https:\/\/www.europesays.com\/se\/wp-json\/wp\/v2\/tags?post=120236"}],"curies":[{"name":"wp","href":"https:\/\/api.w.org\/{rel}","templated":true}]}}