{"id":120238,"date":"2025-12-29T21:04:12","date_gmt":"2025-12-29T21:04:12","guid":{"rendered":"https:\/\/www.europesays.com\/se\/120238\/"},"modified":"2025-12-29T21:04:12","modified_gmt":"2025-12-29T21:04:12","slug":"stjarnadvokat-i-usa-levde-dubbelliv-kan-fangslas","status":"publish","type":"post","link":"https:\/\/www.europesays.com\/se\/120238\/","title":{"rendered":"Stj\u00e4rnadvokat i USA levde dubbelliv \u2013 kan f\u00e4ngslas"},"content":{"rendered":"<p>Thomas Goldstein var en stj\u00e4rnadvokat vid USA:s h\u00f6gsta domstol och var bland annat k\u00e4nd f\u00f6r att ha vunnit en copyrighttvist \u00e5t Google 2020. Sedan avsl\u00f6jades att han levt ett dubbelliv och spelat om enorma summor.<\/p>\n<p>Hans liv rasade samman: v\u00e4nnerna l\u00e4mnade honom, \u00e4ktenskapet p\u00e5 v\u00e4g att ta slut och han \u00e4r n\u00e4stan i konkurs. I januari v\u00e4ntar en r\u00e4tteg\u00e5ng d\u00e4r han st\u00e5r \u00e5talad p\u00e5 22 punkter, bland annat f\u00f6r skattefusk.<\/p>\n<p>D\u00e5 t\u00e4nker han, precis som tidigare, satsa allt.<\/p>\n<p>\u2013 Tom \u00e4r [&#8230;] en galning vid pokerbordet. Han \u00e4r or\u00e4dd, bluffar \u00f6verdrivet mycket, en typ av spelare vi kallar f\u00f6r \u201cchip-bully\u201d [&#8230;] han hade okontrollerad aggressivitet, s\u00e4ger hedgefondf\u00f6rvaltaren Bill Perkins.<\/p>\n<p>Omni \u00e4r politiskt obundna och oberoende. Vi str\u00e4var efter att ge fler perspektiv p\u00e5 nyheterna. Har du fr\u00e5gor eller synpunkter kring v\u00e5r rapportering? <a href=\"https:\/\/omni.se\/usa-s-stjarnadvokat-levde-dubbelliv-riskerar-fangelse\/a\/mailto:redaktion@omni.se\" class=\"ArticleActions_contactLink__W2F1M\" rel=\"nofollow noopener\" target=\"_blank\">Kontakta redaktionen<\/a><\/p>\n","protected":false},"excerpt":{"rendered":"Thomas Goldstein var en stj\u00e4rnadvokat vid USA:s h\u00f6gsta domstol och var bland annat k\u00e4nd f\u00f6r att ha vunnit&hellip;\n","protected":false},"author":2,"featured_media":120239,"comment_status":"","ping_status":"","sticky":false,"template":"","format":"standard","meta":{"footnotes":""},"categories":[14],"tags":[22,23,26,27,17,21,120,24,25,28,29,15,16,18,34,31,33,32,30,19,20,74,51,52,53,54],"class_list":{"0":"post-120238","1":"post","2":"type-post","3":"status-publish","4":"format-standard","5":"has-post-thumbnail","7":"category-varlden","8":"tag-breaking-news","9":"tag-breakingnews","10":"tag-featured-news","11":"tag-featurednews","12":"tag-headlines","13":"tag-huvudnyheter","14":"tag-lag-ratt","15":"tag-latest-news","16":"tag-latestnews","17":"tag-main-news","18":"tag-mainnews","19":"tag-news","20":"tag-nyheter","21":"tag-rubriker","22":"tag-se","23":"tag-svenska","24":"tag-sverige","25":"tag-sweden","26":"tag-swedish","27":"tag-top-stories","28":"tag-topstories","29":"tag-usa","30":"tag-varlden","31":"tag-world","32":"tag-world-news","33":"tag-worldnews"},"share_on_mastodon":{"url":"https:\/\/pubeurope.com\/@se\/115804888274289821","error":""},"_links":{"self":[{"href":"https:\/\/www.europesays.com\/se\/wp-json\/wp\/v2\/posts\/120238","targetHints":{"allow":["GET"]}}],"collection":[{"href":"https:\/\/www.europesays.com\/se\/wp-json\/wp\/v2\/posts"}],"about":[{"href":"https:\/\/www.europesays.com\/se\/wp-json\/wp\/v2\/types\/post"}],"author":[{"embeddable":true,"href":"https:\/\/www.europesays.com\/se\/wp-json\/wp\/v2\/users\/2"}],"replies":[{"embeddable":true,"href":"https:\/\/www.europesays.com\/se\/wp-json\/wp\/v2\/comments?post=120238"}],"version-history":[{"count":0,"href":"https:\/\/www.europesays.com\/se\/wp-json\/wp\/v2\/posts\/120238\/revisions"}],"wp:featuredmedia":[{"embeddable":true,"href":"https:\/\/www.europesays.com\/se\/wp-json\/wp\/v2\/media\/120239"}],"wp:attachment":[{"href":"https:\/\/www.europesays.com\/se\/wp-json\/wp\/v2\/media?parent=120238"}],"wp:term":[{"taxonomy":"category","embeddable":true,"href":"https:\/\/www.europesays.com\/se\/wp-json\/wp\/v2\/categories?post=120238"},{"taxonomy":"post_tag","embeddable":true,"href":"https:\/\/www.europesays.com\/se\/wp-json\/wp\/v2\/tags?post=120238"}],"curies":[{"name":"wp","href":"https:\/\/api.w.org\/{rel}","templated":true}]}}