{"id":120281,"date":"2025-12-29T21:56:10","date_gmt":"2025-12-29T21:56:10","guid":{"rendered":"https:\/\/www.europesays.com\/se\/120281\/"},"modified":"2025-12-29T21:56:10","modified_gmt":"2025-12-29T21:56:10","slug":"ryck-i-sista-perioden-avgjorde-for-almtuna-hemma-mot-vasteras-vasterbottens-kuriren","status":"publish","type":"post","link":"https:\/\/www.europesays.com\/se\/120281\/","title":{"rendered":"Ryck i sista perioden avgjorde f\u00f6r Almtuna hemma mot V\u00e4ster\u00e5s &#8211; V\u00e4sterbottens-Kuriren"},"content":{"rendered":"<ol>\n<li><a href=\"https:\/\/news.google.com\/rss\/articles\/CBMinAFBVV95cUxQUzlJeEQ1T0hjMTRZTEZ2SXFNV05DOHZhVHhyMThULUhaWTFVNkxsdU00dDA3dldtSmQyMkVrZFNQOUVQbDE3alhpUWM2aTdWdlp2NXdoUDY5QzVFcXdJU2tna3U1dUxfaEFYRURhamVlQ1g2QXVrdFI4Tl9qcERWSE9DODdVVVhlYzdld3BZWWtSVk9sNjYyMVNjeUg?oc=5\" target=\"_blank\" rel=\"nofollow noopener\">Ryck i sista perioden avgjorde f\u00f6r Almtuna hemma mot V\u00e4ster\u00e5s<\/a>&nbsp;&nbsp;V\u00e4sterbottens-Kuriren<\/li>\n<li><a href=\"https:\/\/news.google.com\/rss\/articles\/CBMipwFBVV95cUxPRVRyUHY0Z2VXTTVqeV9uY0IyVkFCZlBtMnRzRGVUZ2FleldiMmtMV0JZaUVyMFFkTnFmNDh4cEd4dVF5c0k3Y0lDN3BHOURJRm94anlNdW5aay1BVWZoZGYyZEZYdU5xUHZ6eGpkemNiclBYazFwZ3dfVmJxV2NBZ2hEek1KYVJiZE0zeUJKYmJGWjZxRGRnM1I2eXFRLTZaQjNHR0Rkcw?oc=5\" target=\"_blank\" rel=\"nofollow noopener\">Skagerstr\u00f6m: &#8221;Har det h\u00e4nt tidigare i hockeyallsvenskan?&#8221;<\/a>&nbsp;&nbsp;UNT<\/li>\n<li><a href=\"https:\/\/news.google.com\/rss\/articles\/CBMia0FVX3lxTE9QRVZROUVUOTFxY3RIY3JRSEZuWE9QVkRQcG82MUFBZ2tLMmM2UmpKalRlQVBSckFiU0I3VC16eHdJTnVfcXo1a0ZBaHpiUmg3eFVfaUxpNTktQkhSRFFnOXhlUlZyaWNWUW5F?oc=5\" target=\"_blank\" rel=\"nofollow noopener\">Tre bortd\u00f6mda m\u00e5l \u2013 i VIK:s rysare<\/a>&nbsp;&nbsp;VLT<\/li>\n<li><a href=\"https:\/\/news.google.com\/rss\/articles\/CBMijAFBVV95cUxQc3F3ckZxMEhtcHNEYWJQaWU3Sm1yYzhrTUZCdjlkb0NNNlpFZUJFZjhZVlh1eXJnZ1NvNFNGLUcwMHJRMFlOS1hDM2hUX1AtRE80ZjdQekp0X0VRcjBnN1oxX0ZPSllpUDRjYjJLSDhYdTBELXRISmk0ZnUxdUljUU9EdmNFQWp1X1dWZQ?oc=5\" target=\"_blank\" rel=\"nofollow noopener\">Almtuna avgjorde t\u00e4t match mot V\u00e4ster\u00e5s i tredje perioden<\/a>&nbsp;&nbsp;HockeyNews<\/li>\n<li><a href=\"https:\/\/news.google.com\/rss\/articles\/CBMiZ0FVX3lxTE4tdm5XVFltcVVXOHdXWHpMdENkYTl4VW91WERoZmlLVm05WDRFXzllVm1EUVJkbThQX2U2dm1yeThhMnNnNWNGc3F5N2NmNXo3U2h6Yy00cWJZeHliVGV1VjE0WE83T2s?oc=5\" target=\"_blank\" rel=\"nofollow noopener\">Speltips: Almtuna IS &#8211; V\u00e4ster\u00e5s IK 29\/12 &#8221;H\u00f6jer &#8221;gurkorna&#8221; sig i\u2026<\/a>&nbsp;&nbsp;Bettingstugan.se<\/li>\n<\/ol>\n","protected":false},"excerpt":{"rendered":"Ryck i sista perioden avgjorde f\u00f6r Almtuna hemma mot V\u00e4ster\u00e5s&nbsp;&nbsp;V\u00e4sterbottens-Kuriren Skagerstr\u00f6m: &#8221;Har det h\u00e4nt tidigare i hockeyallsvenskan?&#8221;&nbsp;&nbsp;UNT Tre&hellip;\n","protected":false},"author":2,"featured_media":120282,"comment_status":"","ping_status":"","sticky":false,"template":"","format":"standard","meta":{"footnotes":""},"categories":[5],"tags":[22,23,26,27,17,21,24,25,28,29,15,16,18,34,31,33,32,30,19,20],"class_list":{"0":"post-120281","1":"post","2":"type-post","3":"status-publish","4":"format-standard","5":"has-post-thumbnail","7":"category-rubriker","8":"tag-breaking-news","9":"tag-breakingnews","10":"tag-featured-news","11":"tag-featurednews","12":"tag-headlines","13":"tag-huvudnyheter","14":"tag-latest-news","15":"tag-latestnews","16":"tag-main-news","17":"tag-mainnews","18":"tag-news","19":"tag-nyheter","20":"tag-rubriker","21":"tag-se","22":"tag-svenska","23":"tag-sverige","24":"tag-sweden","25":"tag-swedish","26":"tag-top-stories","27":"tag-topstories"},"share_on_mastodon":{"url":"https:\/\/pubeurope.com\/@se\/115805092792069475","error":""},"_links":{"self":[{"href":"https:\/\/www.europesays.com\/se\/wp-json\/wp\/v2\/posts\/120281","targetHints":{"allow":["GET"]}}],"collection":[{"href":"https:\/\/www.europesays.com\/se\/wp-json\/wp\/v2\/posts"}],"about":[{"href":"https:\/\/www.europesays.com\/se\/wp-json\/wp\/v2\/types\/post"}],"author":[{"embeddable":true,"href":"https:\/\/www.europesays.com\/se\/wp-json\/wp\/v2\/users\/2"}],"replies":[{"embeddable":true,"href":"https:\/\/www.europesays.com\/se\/wp-json\/wp\/v2\/comments?post=120281"}],"version-history":[{"count":0,"href":"https:\/\/www.europesays.com\/se\/wp-json\/wp\/v2\/posts\/120281\/revisions"}],"wp:featuredmedia":[{"embeddable":true,"href":"https:\/\/www.europesays.com\/se\/wp-json\/wp\/v2\/media\/120282"}],"wp:attachment":[{"href":"https:\/\/www.europesays.com\/se\/wp-json\/wp\/v2\/media?parent=120281"}],"wp:term":[{"taxonomy":"category","embeddable":true,"href":"https:\/\/www.europesays.com\/se\/wp-json\/wp\/v2\/categories?post=120281"},{"taxonomy":"post_tag","embeddable":true,"href":"https:\/\/www.europesays.com\/se\/wp-json\/wp\/v2\/tags?post=120281"}],"curies":[{"name":"wp","href":"https:\/\/api.w.org\/{rel}","templated":true}]}}