{"id":120292,"date":"2025-12-29T22:24:08","date_gmt":"2025-12-29T22:24:08","guid":{"rendered":"https:\/\/www.europesays.com\/se\/120292\/"},"modified":"2025-12-29T22:24:08","modified_gmt":"2025-12-29T22:24:08","slug":"leijon-gjorde-mal-och-tva-assist-for-vimmerby-hockey","status":"publish","type":"post","link":"https:\/\/www.europesays.com\/se\/120292\/","title":{"rendered":"Leijon gjorde m\u00e5l och tv\u00e5 assist f\u00f6r Vimmerby Hockey"},"content":{"rendered":"<p>Det dr\u00f6jde fyra matcher. Nu har 20-\u00e5ringen fr\u00e5n V\u00e4ster\u00e5s gjort b\u00e5de m\u00e5l och assist i sin nya klubb.\u00a0<\/p>\n<p>En klubb och stad som han f\u00f6r \u00f6vrigt trivs v\u00e4ldigt bra i.\u00a0<\/p>\n<p>\u2013 Ja, f\u00f6r tusan. Det \u00e4r hur bra som helst och det \u00e4r faktiskt sk\u00f6nt att flytta till en mindre stad. Jag trivs j\u00e4ttebra.\u00a0<\/p>\n<p>\u00c4nnu b\u00e4ttre nu d\u00e5 kan tyckas efter att det lossnat po\u00e4ngm\u00e4ssigt f\u00f6r honom mot Troja.<\/p>\n<p>Det var han som delvis satte tonen f\u00f6r Vimmerbys v\u00e4ndning n\u00e4r han i numer\u00e4rt \u00f6verl\u00e4ge kvitterade till 1\u20131 i slutet av den f\u00f6rsta perioden. Det var ett avslut med en m\u00e5lskytts signum. Det sa bara pang s\u00e5 satt pucken h\u00e5rt i n\u00e4ttaket.\u00a0<\/p>\n<p>\u2013 Jag fick ett bra l\u00e4ge och den satt ganska bra, s\u00e4ger han leende.<\/p>\n<p>Det m\u00e4rktes att han hade kul d\u00e4rute p\u00e5 isen den h\u00e4r kv\u00e4llen.\u00a0<\/p>\n<p>\u2013 Vi g\u00f6r en bra match och jag tycker att vi har hittat en j\u00e4kligt bra kemi i v\u00e5r kedja, s\u00e4ger han och hyllar samarbetet med Arvid Caderoth och Hugo Orrsten.\u00a0<\/p>\n<p>Nu vet han \u00e4ven hur det \u00e4r att vinna i sin nya klubb.\u00a0<\/p>\n<p>VH-tr\u00e4naren Eric Karlsson var som vanligt samlad efter\u00e5t och naturligtvis mycket bel\u00e5ten med vad han fick se av VH fr\u00e5n b\u00e5set.\u00a0<\/p>\n<p>\u2013 Det var en viktig match f\u00f6r oss och bra att vi studsade tillbaka efter IKO-matchen. Vi har \u00e4nd\u00e5 inte lagt f\u00f6r stor vikt och \u00f6veranalyserat den matchen. Vi har en stark tro p\u00e5 oss sj\u00e4lva och vi vet vad vi kan. Vi visar vilken grupp vi \u00e4r ikv\u00e4ll. I spelet fem mot fem tycker jag ocks\u00e5 att vi klart \u00e4r vi b\u00e4ttre \u00e4n Troja.\u00a0<\/p>\n<p><strong>Ni har haft problem med m\u00e5lskyttet. Ikv\u00e4ll g\u00f6r ni fyra m\u00e5l p\u00e5 v\u00e4ldigt kort tid. Vad s\u00e4ger du om det?<\/strong><\/p>\n<p>\u2013 J\u00e4ttesk\u00f6nt att vi f\u00e5r utdelning och kul ocks\u00e5 att Anton (Carlsson), Arvid (Hurtig) och Hugo Lejon f\u00e5r g\u00f6r tre av dem. Det \u00e4r viktigt att de f\u00e5r g\u00f6ra m\u00e5l.\u00a0<\/p>\n<p><strong>Segern inneb\u00e4r att ni nu \u00e4r nio po\u00e4ng f\u00f6re Troja. Vad betyder det?<\/strong><\/p>\n<p>\u2013 Vi tittar inte s\u00e5 mycket i tabellen, men sj\u00e4lvklart \u00e4r det bra att vi vann igen, s\u00e4ger Eric Karlsson och v\u00e4lkomnar st\u00f6det fr\u00e5n VH-fansen vilket betyder mycket.\u00a0<\/p>\n<p>\u2013 Det \u00e4r j\u00e4tteviktigt att vi f\u00e5r bra st\u00f6ttning. Det h\u00f6jer oss och \u00e4r ocks\u00e5 viktigt f\u00f6r ekonomin. Nu har vi ytterligare fyra raka hemmamatcher och jag hoppas att de st\u00f6ttar oss s\u00e5 mycket de bara kan \u00e4ven forts\u00e4ttningsvis.\u00a0<\/p>\n<p>Tabellm\u00e4ssigt innebar vinsten inga f\u00f6r\u00e4ndringar f\u00f6r VH. De ligger kvar p\u00e5 tolfte plats. D\u00e4remot \u00f6kade avst\u00e5ndet till b\u00e5de V\u00e4ster\u00e5s och Troja under strecket.\u00a0<\/p>\n","protected":false},"excerpt":{"rendered":"Det dr\u00f6jde fyra matcher. Nu har 20-\u00e5ringen fr\u00e5n V\u00e4ster\u00e5s gjort b\u00e5de m\u00e5l och assist i sin nya klubb.\u00a0&hellip;\n","protected":false},"author":2,"featured_media":120293,"comment_status":"","ping_status":"","sticky":false,"template":"","format":"standard","meta":{"footnotes":""},"categories":[68],"tags":[34,111,110,31,33,32,30],"class_list":{"0":"post-120292","1":"post","2":"type-post","3":"status-publish","4":"format-standard","5":"has-post-thumbnail","7":"category-sport","8":"tag-se","9":"tag-sport","10":"tag-sports","11":"tag-svenska","12":"tag-sverige","13":"tag-sweden","14":"tag-swedish"},"share_on_mastodon":{"url":"https:\/\/pubeurope.com\/@se\/115805202868467983","error":""},"_links":{"self":[{"href":"https:\/\/www.europesays.com\/se\/wp-json\/wp\/v2\/posts\/120292","targetHints":{"allow":["GET"]}}],"collection":[{"href":"https:\/\/www.europesays.com\/se\/wp-json\/wp\/v2\/posts"}],"about":[{"href":"https:\/\/www.europesays.com\/se\/wp-json\/wp\/v2\/types\/post"}],"author":[{"embeddable":true,"href":"https:\/\/www.europesays.com\/se\/wp-json\/wp\/v2\/users\/2"}],"replies":[{"embeddable":true,"href":"https:\/\/www.europesays.com\/se\/wp-json\/wp\/v2\/comments?post=120292"}],"version-history":[{"count":0,"href":"https:\/\/www.europesays.com\/se\/wp-json\/wp\/v2\/posts\/120292\/revisions"}],"wp:featuredmedia":[{"embeddable":true,"href":"https:\/\/www.europesays.com\/se\/wp-json\/wp\/v2\/media\/120293"}],"wp:attachment":[{"href":"https:\/\/www.europesays.com\/se\/wp-json\/wp\/v2\/media?parent=120292"}],"wp:term":[{"taxonomy":"category","embeddable":true,"href":"https:\/\/www.europesays.com\/se\/wp-json\/wp\/v2\/categories?post=120292"},{"taxonomy":"post_tag","embeddable":true,"href":"https:\/\/www.europesays.com\/se\/wp-json\/wp\/v2\/tags?post=120292"}],"curies":[{"name":"wp","href":"https:\/\/api.w.org\/{rel}","templated":true}]}}