{"id":120294,"date":"2025-12-29T22:27:22","date_gmt":"2025-12-29T22:27:22","guid":{"rendered":"https:\/\/www.europesays.com\/se\/120294\/"},"modified":"2025-12-29T22:27:22","modified_gmt":"2025-12-29T22:27:22","slug":"brottsmisstankt-vd-fick-miljonbonus","status":"publish","type":"post","link":"https:\/\/www.europesays.com\/se\/120294\/","title":{"rendered":"Brottsmisst\u00e4nkt vd fick miljonbonus"},"content":{"rendered":"<p class=\"sc-c25743f0-0 sc-e37c0145-2 hObFds DQgPn\">Den 18 november slog Ekobrottsmyndigheten till mot det b\u00f6rsnoterade bolaget Intellego. <\/p>\n<p class=\"sc-c25743f0-0 sc-e37c0145-2 hObFds DQgPn\">Misstankarna mot bolaget handlar om vilseledande information och rapportering, f\u00f6r att driva upp v\u00e4rdet p\u00e5 bolaget, och den nu sparkade vd:n Claes Lindahl har anh\u00e5llits misst\u00e4nkt f\u00f6r bland annat grovt svindleri. <\/p>\n<p class=\"sc-c25743f0-0 sc-e37c0145-2 hObFds DQgPn\">Nu rapporterar <a href=\"https:\/\/www.affarsvarlden.se\/artikel\/intellegos-tidigare-vd-fick-miljonbonus-strax-innan-gripandet\" class=\"pcc\" target=\"_blank\" rel=\"noopener noreferrer nofollow\">Aff\u00e4rsv\u00e4rlden <\/a>att han bara dagar f\u00f6re tillslaget fick en resultatbaserad bonus p\u00e5 tre miljoner kronor. Bolagets tillf\u00f6rordnade vd Jacob Laurin uppger f\u00f6r tidningen att Intellego har vidtagit \u00e5tg\u00e4rder f\u00f6r att kr\u00e4va pengarna tillbaka. <\/p>\n<p class=\"sc-c25743f0-0 sc-e37c0145-2 hObFds DQgPn\">Intellego tillverkar och utvecklar uv-teknik som anv\u00e4nds inom desinfektion, solskydd och industrin. Bolagets aktie, med 19\u00a0000 \u00e4gare, har varit handelsstoppad sedan tillslaget i november. <\/p>\n","protected":false},"excerpt":{"rendered":"Den 18 november slog Ekobrottsmyndigheten till mot det b\u00f6rsnoterade bolaget Intellego. Misstankarna mot bolaget handlar om vilseledande information&hellip;\n","protected":false},"author":2,"featured_media":120295,"comment_status":"","ping_status":"","sticky":false,"template":"","format":"standard","meta":{"footnotes":""},"categories":[65],"tags":[72,70,71,34,31,33,32,30],"class_list":{"0":"post-120294","1":"post","2":"type-post","3":"status-publish","4":"format-standard","5":"has-post-thumbnail","7":"category-ekonomi","8":"tag-business","9":"tag-economy","10":"tag-ekonomi","11":"tag-se","12":"tag-svenska","13":"tag-sverige","14":"tag-sweden","15":"tag-swedish"},"share_on_mastodon":{"url":"https:\/\/pubeurope.com\/@se\/115805214681277623","error":""},"_links":{"self":[{"href":"https:\/\/www.europesays.com\/se\/wp-json\/wp\/v2\/posts\/120294","targetHints":{"allow":["GET"]}}],"collection":[{"href":"https:\/\/www.europesays.com\/se\/wp-json\/wp\/v2\/posts"}],"about":[{"href":"https:\/\/www.europesays.com\/se\/wp-json\/wp\/v2\/types\/post"}],"author":[{"embeddable":true,"href":"https:\/\/www.europesays.com\/se\/wp-json\/wp\/v2\/users\/2"}],"replies":[{"embeddable":true,"href":"https:\/\/www.europesays.com\/se\/wp-json\/wp\/v2\/comments?post=120294"}],"version-history":[{"count":0,"href":"https:\/\/www.europesays.com\/se\/wp-json\/wp\/v2\/posts\/120294\/revisions"}],"wp:featuredmedia":[{"embeddable":true,"href":"https:\/\/www.europesays.com\/se\/wp-json\/wp\/v2\/media\/120295"}],"wp:attachment":[{"href":"https:\/\/www.europesays.com\/se\/wp-json\/wp\/v2\/media?parent=120294"}],"wp:term":[{"taxonomy":"category","embeddable":true,"href":"https:\/\/www.europesays.com\/se\/wp-json\/wp\/v2\/categories?post=120294"},{"taxonomy":"post_tag","embeddable":true,"href":"https:\/\/www.europesays.com\/se\/wp-json\/wp\/v2\/tags?post=120294"}],"curies":[{"name":"wp","href":"https:\/\/api.w.org\/{rel}","templated":true}]}}