{"id":120297,"date":"2025-12-29T22:32:11","date_gmt":"2025-12-29T22:32:11","guid":{"rendered":"https:\/\/www.europesays.com\/se\/120297\/"},"modified":"2025-12-29T22:32:11","modified_gmt":"2025-12-29T22:32:11","slug":"almtuna-vann-mot-vasteras-i-arosderbyt","status":"publish","type":"post","link":"https:\/\/www.europesays.com\/se\/120297\/","title":{"rendered":"Almtuna vann mot V\u00e4ster\u00e5s i Arosderbyt"},"content":{"rendered":"<p>Det blev stor dramatik i Arosderbyt. Matchen s\u00e5g ut att g\u00e5 mot f\u00f6rl\u00e4ngning men med knappt fem minuter kvar att spela styrde Mikkel \u00d6by Olsen in 1\u20130 f\u00f6r Almtuna n\u00e4r Edvin Hammarlund la pucken mot m\u00e5l.Sen gjorde comebackande Joel Thulin 2\u20130 i \u00f6ppen kasse med drygt en minut kvar att spela.\u2013 Det var en stark laginsats av oss. Vi spelade bra i 60 minuter, h\u00f6ll de p\u00e5 utsido<\/p>\n","protected":false},"excerpt":{"rendered":"Det blev stor dramatik i Arosderbyt. Matchen s\u00e5g ut att g\u00e5 mot f\u00f6rl\u00e4ngning men med knappt fem minuter&hellip;\n","protected":false},"author":2,"featured_media":120263,"comment_status":"","ping_status":"","sticky":false,"template":"","format":"standard","meta":{"footnotes":""},"categories":[68],"tags":[34,111,110,31,33,32,30],"class_list":{"0":"post-120297","1":"post","2":"type-post","3":"status-publish","4":"format-standard","5":"has-post-thumbnail","7":"category-sport","8":"tag-se","9":"tag-sport","10":"tag-sports","11":"tag-svenska","12":"tag-sverige","13":"tag-sweden","14":"tag-swedish"},"share_on_mastodon":{"url":"https:\/\/pubeurope.com\/@se\/115805234298997095","error":""},"_links":{"self":[{"href":"https:\/\/www.europesays.com\/se\/wp-json\/wp\/v2\/posts\/120297","targetHints":{"allow":["GET"]}}],"collection":[{"href":"https:\/\/www.europesays.com\/se\/wp-json\/wp\/v2\/posts"}],"about":[{"href":"https:\/\/www.europesays.com\/se\/wp-json\/wp\/v2\/types\/post"}],"author":[{"embeddable":true,"href":"https:\/\/www.europesays.com\/se\/wp-json\/wp\/v2\/users\/2"}],"replies":[{"embeddable":true,"href":"https:\/\/www.europesays.com\/se\/wp-json\/wp\/v2\/comments?post=120297"}],"version-history":[{"count":0,"href":"https:\/\/www.europesays.com\/se\/wp-json\/wp\/v2\/posts\/120297\/revisions"}],"wp:featuredmedia":[{"embeddable":true,"href":"https:\/\/www.europesays.com\/se\/wp-json\/wp\/v2\/media\/120263"}],"wp:attachment":[{"href":"https:\/\/www.europesays.com\/se\/wp-json\/wp\/v2\/media?parent=120297"}],"wp:term":[{"taxonomy":"category","embeddable":true,"href":"https:\/\/www.europesays.com\/se\/wp-json\/wp\/v2\/categories?post=120297"},{"taxonomy":"post_tag","embeddable":true,"href":"https:\/\/www.europesays.com\/se\/wp-json\/wp\/v2\/tags?post=120297"}],"curies":[{"name":"wp","href":"https:\/\/api.w.org\/{rel}","templated":true}]}}