{"id":120299,"date":"2025-12-29T22:39:32","date_gmt":"2025-12-29T22:39:32","guid":{"rendered":"https:\/\/www.europesays.com\/se\/120299\/"},"modified":"2025-12-29T22:39:32","modified_gmt":"2025-12-29T22:39:32","slug":"allsvenskan-zakaria-sawo-pa-vag-att-lanas-ut-fran-djurgarden","status":"publish","type":"post","link":"https:\/\/www.europesays.com\/se\/120299\/","title":{"rendered":"Allsvenskan \u2022 Zakaria Sawo p\u00e5 v\u00e4g att l\u00e5nas ut fr\u00e5n Djurg\u00e5rden"},"content":{"rendered":"<p>Publicerad 29 dec 2025 kl 12.17Uppdaterad kl 21.45<\/p>\n<p>Zakaria Sawo \u00e4r p\u00e5 v\u00e4g att l\u00e4mna Djurg\u00e5rden.<\/p>\n<p>Enligt uppgifter till Expressen har anfallaren rest till Cypern f\u00f6r att slutf\u00f6ra sin \u00f6verg\u00e5ng \u2013 och under m\u00e5ndagskv\u00e4llen bekr\u00e4ftades l\u00e5neaff\u00e4ren med AEL Limassol.<\/p>\n<p><img   alt=\"\"\/><\/p>\n<p>Zakaria Sawo.<\/p>\n<p>Foto: SIMON HASTEG\u00c5RD \/ BILDBYR\u00c5N<\/p>\n<p>\u00d6ppna bild i helsk\u00e4rm<\/p>\n<p>Zakaria Sawo har inte f\u00e5tt det att lyfta sedan han k\u00f6ptes av Djurg\u00e5rden i mars 2025 fr\u00e5n cypriotiska Aris Limassol. Den h\u00e4r s\u00e4songen blev det ett m\u00e5l p\u00e5 18 matcher i klubben.<\/p>\n<p>Enligt uppgifter till Expressen \u00e4r Djurg\u00e5rden \u00f6verens med AEL Limassol g\u00e4llande ett l\u00e5n av Sawo och anfallaren ska vara p\u00e5 plats i Cypern inom kort f\u00f6r att slutf\u00f6ra \u00f6verg\u00e5ngen.<\/p>\n<p><img loading=\"lazy\"   alt=\"\"\/> <\/p>\n<p>Foto: SIMON HASTEG\u00c5RD \/ BILDBYR\u00c5N<\/p>\n<p>\u00d6ppna bild i helsk\u00e4rm<\/p>\n<p>Det rapporterar \u00e4ven cypriotiska Balla. F\u00f6r n\u00e5gra veckor sedan rapporterade \u00e4ven Fotbollskanalen att AEL Limassol och grekiska Kifisia ville v\u00e4rva svensken.<\/p>\n<p>V\u00e4l under m\u00e5ndagskv\u00e4llen bekr\u00e4ftade Djurg\u00e5rden att Sawo l\u00e5nas ut till den cypriotiska klubben. Sportchefen Bosse Andersson beskriver det som \u201den bra nystart under v\u00e5ren\u201d.<\/p>\n<p>\u2013 Det \u00e4r ett uppl\u00e4gg som passar v\u00e4ldigt bra b\u00e5de f\u00f6r mig och Djurg\u00e5rden, s\u00e4ger Sawo.<\/p>\n","protected":false},"excerpt":{"rendered":"Publicerad 29 dec 2025 kl 12.17Uppdaterad kl 21.45 Zakaria Sawo \u00e4r p\u00e5 v\u00e4g att l\u00e4mna Djurg\u00e5rden. Enligt uppgifter&hellip;\n","protected":false},"author":2,"featured_media":120300,"comment_status":"","ping_status":"","sticky":false,"template":"","format":"standard","meta":{"footnotes":""},"categories":[5],"tags":[22,23,26,27,17,21,24,25,28,29,15,16,554,18,34,130,129,31,33,32,30,19,20],"class_list":{"0":"post-120299","1":"post","2":"type-post","3":"status-publish","4":"format-standard","5":"has-post-thumbnail","7":"category-rubriker","8":"tag-breaking-news","9":"tag-breakingnews","10":"tag-featured-news","11":"tag-featurednews","12":"tag-headlines","13":"tag-huvudnyheter","14":"tag-latest-news","15":"tag-latestnews","16":"tag-main-news","17":"tag-mainnews","18":"tag-news","19":"tag-nyheter","20":"tag-organization-djurgarden-fotboll","21":"tag-rubriker","22":"tag-se","23":"tag-sections-allsvenskan","24":"tag-sections-fotboll","25":"tag-svenska","26":"tag-sverige","27":"tag-sweden","28":"tag-swedish","29":"tag-top-stories","30":"tag-topstories"},"share_on_mastodon":{"url":"https:\/\/pubeurope.com\/@se\/115805261850084572","error":""},"_links":{"self":[{"href":"https:\/\/www.europesays.com\/se\/wp-json\/wp\/v2\/posts\/120299","targetHints":{"allow":["GET"]}}],"collection":[{"href":"https:\/\/www.europesays.com\/se\/wp-json\/wp\/v2\/posts"}],"about":[{"href":"https:\/\/www.europesays.com\/se\/wp-json\/wp\/v2\/types\/post"}],"author":[{"embeddable":true,"href":"https:\/\/www.europesays.com\/se\/wp-json\/wp\/v2\/users\/2"}],"replies":[{"embeddable":true,"href":"https:\/\/www.europesays.com\/se\/wp-json\/wp\/v2\/comments?post=120299"}],"version-history":[{"count":0,"href":"https:\/\/www.europesays.com\/se\/wp-json\/wp\/v2\/posts\/120299\/revisions"}],"wp:featuredmedia":[{"embeddable":true,"href":"https:\/\/www.europesays.com\/se\/wp-json\/wp\/v2\/media\/120300"}],"wp:attachment":[{"href":"https:\/\/www.europesays.com\/se\/wp-json\/wp\/v2\/media?parent=120299"}],"wp:term":[{"taxonomy":"category","embeddable":true,"href":"https:\/\/www.europesays.com\/se\/wp-json\/wp\/v2\/categories?post=120299"},{"taxonomy":"post_tag","embeddable":true,"href":"https:\/\/www.europesays.com\/se\/wp-json\/wp\/v2\/tags?post=120299"}],"curies":[{"name":"wp","href":"https:\/\/api.w.org\/{rel}","templated":true}]}}