{"id":120303,"date":"2025-12-29T22:45:17","date_gmt":"2025-12-29T22:45:17","guid":{"rendered":"https:\/\/www.europesays.com\/se\/120303\/"},"modified":"2025-12-29T22:45:17","modified_gmt":"2025-12-29T22:45:17","slug":"skatterna-pa-arbetesanks-vid-nyar-har-arde-nya-lagarna-2026","status":"publish","type":"post","link":"https:\/\/www.europesays.com\/se\/120303\/","title":{"rendered":"Skatterna p\u00e5 arbete\ns\u00e4nks vid ny\u00e5r \u2013 h\u00e4r \u00e4r\nde nya lagarna 2026"},"content":{"rendered":"<p>\n        MER PENGAR F\u00d6R VISSA. Vid \u00e5rsskiftet b\u00f6rjar flera nya lagar och regler att g\u00e4lla.<br \/>\n        Foto: Roland Magnusson\n    <\/p>\n<p>    Vid \u00e5rsskiftet b\u00f6rjar<br \/>\nflera nya lagar och regler att g\u00e4lla. Det blir<br \/>\nbland annat s\u00e4nkt skatt<br \/>\np\u00e5 arbetsinkomster och<br \/>\nsubventionerna p\u00e5 hantverkstj\u00e4nster s\u00e4nks.<\/p>\n<p>\u00c5r 2026 blir det s\u00e4nkt skatt p\u00e5 arbetsinkomster. Det ordinarie jobbskatteavdraget f\u00f6rst\u00e4rks genom att skattereduktionen h\u00f6js f\u00f6r personer med arbetsinkomster som \u00f6verstiger cirka 192 000 kronor per \u00e5r. Enligt regeringen inneb\u00e4r avdraget 333 kronor mer i pl\u00e5nboken f\u00f6r en person som tj\u00e4nar 35 000 kronor i m\u00e5naden.<\/p>\n<p>De som tj\u00e4nar under cirka 16 000 i m\u00e5naden omfattas inte av jobbskatteavdraget, rapporterar tidningen <a href=\"https:\/\/arbetet.se\/2025\/12\/18\/frageforbud-for-chefer-och-lagre-skatt-har-ar-nya-lagarna-2026\/\" rel=\"nofollow noopener\" target=\"_blank\">Arbetet<\/a>.<\/p>\n<p>\u00c4ven pension\u00e4rer f\u00e5r s\u00e4nkt skatt. Regeringen inf\u00f6r ett f\u00f6rh\u00f6jt grundavdrag p\u00e5 pensionen f\u00f6r alla som vid \u00e5rsskiftet har fyllt 66 \u00e5r. F\u00f6r en genomsnittspension\u00e4r inneb\u00e4r det en skattes\u00e4nkning p\u00e5 omkring 150 kronor i m\u00e5naden.<\/p>\n<p>                <img decoding=\"async\" src=\"https:\/\/www.europesays.com\/se\/wp-content\/uploads\/2025\/12\/292105.webp.jpeg\" width=\"480\" height=\"274\" title=\"Skattereduktionen f\u00f6r mikroproduktion av f\u00f6rnybar el slopas.\" alt=\"\" loading=\"lazy\" style=\"\"\/><\/p>\n<p>\n            Skattereduktionen f\u00f6r mikroproduktion av f\u00f6rnybar el slopas.<br \/>\n            Foto: Vesivek\n        <\/p>\n<p>Skattereduktion slopas<\/p>\n<p>Fr\u00e5n och med \u00e5rsskiftet \u00e5terg\u00e5r avdrag f\u00f6r rotarbete, hantverkstj\u00e4nster i hemmet, till 30 procent av arbetskostnaden. F\u00f6r att beviljas 50 procent i rotavdrag m\u00e5ste betalning ha skett senast 31 december 2025. Ans\u00f6kan ska ha kommit in till Skatteverket senast den 31 januari 2026 och arbetet ska vara f\u00e4rdigst\u00e4llt n\u00e4r ans\u00f6kan skickas in.<\/p>\n<p>Skattereduktionen f\u00f6r mikroproduktion av f\u00f6rnybar el slopas. Den kraftiga \u00f6kningen av antalet solcellsanl\u00e4ggningar inneb\u00e4r enligt regeringen att det inte l\u00e4ngre finns behov av att forts\u00e4tta subventionera mikroproduktion av f\u00f6rnybar el genom en skattereduktion. Skattereduktionen f\u00f6r mikroproduktion\u00a0av f\u00f6rnybar el slopas d\u00e4rf\u00f6r.<\/p>\n<p>Prisbasbeloppet \u00e4r ett ekonomiskt m\u00e5tt som \u00e4r t\u00e4nkt att spegla hur priserna utvecklas i Sverige. Det anv\u00e4nds bland annat f\u00f6r att ber\u00e4kna sjukers\u00e4ttningen och f\u00f6r\u00e4ldraf\u00f6rs\u00e4kringen. Under 2025 best\u00e4mde regeringen att 2026 \u00e5rs prisbasbelopp ska h\u00f6jas med 0,7 procent till 59 200 kronor. Fr\u00e5n och med den 1 januari h\u00f6js allts\u00e5 m\u00e5nga ers\u00e4ttningar n\u00e5got.<\/p>\n<p>Prisbasbeloppet p\u00e5verkar \u00e4ven garantipensionen, som \u00e4ven den kommer att r\u00e4knas upp en aning.<\/p>\n","protected":false},"excerpt":{"rendered":"MER PENGAR F\u00d6R VISSA. Vid \u00e5rsskiftet b\u00f6rjar flera nya lagar och regler att g\u00e4lla. Foto: Roland Magnusson Vid&hellip;\n","protected":false},"author":2,"featured_media":120304,"comment_status":"","ping_status":"","sticky":false,"template":"","format":"standard","meta":{"footnotes":""},"categories":[65],"tags":[72,70,71,34,31,33,32,30],"class_list":{"0":"post-120303","1":"post","2":"type-post","3":"status-publish","4":"format-standard","5":"has-post-thumbnail","7":"category-ekonomi","8":"tag-business","9":"tag-economy","10":"tag-ekonomi","11":"tag-se","12":"tag-svenska","13":"tag-sverige","14":"tag-sweden","15":"tag-swedish"},"share_on_mastodon":{"url":"https:\/\/pubeurope.com\/@se\/115805285487682823","error":""},"_links":{"self":[{"href":"https:\/\/www.europesays.com\/se\/wp-json\/wp\/v2\/posts\/120303","targetHints":{"allow":["GET"]}}],"collection":[{"href":"https:\/\/www.europesays.com\/se\/wp-json\/wp\/v2\/posts"}],"about":[{"href":"https:\/\/www.europesays.com\/se\/wp-json\/wp\/v2\/types\/post"}],"author":[{"embeddable":true,"href":"https:\/\/www.europesays.com\/se\/wp-json\/wp\/v2\/users\/2"}],"replies":[{"embeddable":true,"href":"https:\/\/www.europesays.com\/se\/wp-json\/wp\/v2\/comments?post=120303"}],"version-history":[{"count":0,"href":"https:\/\/www.europesays.com\/se\/wp-json\/wp\/v2\/posts\/120303\/revisions"}],"wp:featuredmedia":[{"embeddable":true,"href":"https:\/\/www.europesays.com\/se\/wp-json\/wp\/v2\/media\/120304"}],"wp:attachment":[{"href":"https:\/\/www.europesays.com\/se\/wp-json\/wp\/v2\/media?parent=120303"}],"wp:term":[{"taxonomy":"category","embeddable":true,"href":"https:\/\/www.europesays.com\/se\/wp-json\/wp\/v2\/categories?post=120303"},{"taxonomy":"post_tag","embeddable":true,"href":"https:\/\/www.europesays.com\/se\/wp-json\/wp\/v2\/tags?post=120303"}],"curies":[{"name":"wp","href":"https:\/\/api.w.org\/{rel}","templated":true}]}}