{"id":120305,"date":"2025-12-29T22:48:12","date_gmt":"2025-12-29T22:48:12","guid":{"rendered":"https:\/\/www.europesays.com\/se\/120305\/"},"modified":"2025-12-29T22:48:12","modified_gmt":"2025-12-29T22:48:12","slug":"tredje-raka-utan-seger-for-hellbergs-middlesbrough-foll-mot-hull","status":"publish","type":"post","link":"https:\/\/www.europesays.com\/se\/120305\/","title":{"rendered":"Tredje raka utan seger f\u00f6r Hellbergs Middlesbrough \u2013 f\u00f6ll mot Hull"},"content":{"rendered":"<p><a data-test-tag=\"internal-link\" href=\"https:\/\/www.aftonbladet.se\/av\/makoto-asahara\" class=\"hyperion-css-13ns1rr\" rel=\"nofollow noopener\" target=\"\" aria-label=\"Se alla artiklar av Makoto Asahara\"><img decoding=\"async\" class=\"image-asset hyperion-css-n6kkq1\" data-test-tag=\"image-asset\" src=\"https:\/\/www.europesays.com\/se\/wp-content\/uploads\/2025\/12\/1767048492_453_d489d8e9-feec-41cf-aec5-f7f6eb5fd94e.png\"  alt=\"\"  loading=\"lazy\" fetchpriority=\"auto\" style=\"aspect-ratio:1900 \/ 1900\"\/><\/a>share-arrowDela<\/p>\n<p>unsaveSpara<\/p>\n<p>expand-left<\/p>\n<p>helsk\u00e4rm<img decoding=\"async\" class=\"image-asset hyperion-css-u06ts1\" data-test-tag=\"image-asset\" src=\"https:\/\/www.europesays.com\/se\/wp-content\/uploads\/2025\/12\/edbe8614-b7d9-4e80-825e-63df0e2fadd7.jpeg\"  alt=\"Kim Hellberg.\"  loading=\"eager\" fetchpriority=\"high\" style=\"aspect-ratio:1900 \/ 1266\"\/>Kim Hellberg. Foto: George Wood \/ Getty Images<\/p>\n<p class=\"hyperion-css-1shl3oz\" data-test-tag=\"lead-text\">Han b\u00f6rjade med fyra raka segrar.<\/p>\n<p class=\"hyperion-css-1shl3oz\" data-test-tag=\"lead-text\">Nu verkar dock Kim Hellbergs Middlesbrough-smekm\u00e5nad vara \u00f6ver.<\/p>\n<p class=\"hyperion-css-1shl3oz\" data-test-tag=\"lead-text\">0\u20131 hemma mot Hull blev lagets tredje raka utan vinst i Championship.<\/p>\n<p class=\"hyperion-css-1v9qo5x\"><a data-test-tag=\"internal-link\" href=\"https:\/\/www.aftonbladet.se\/tagg\/kim-hellberg\" class=\"hyperion-css-15jkft9\" rel=\"nofollow noopener\" target=\"\" aria-label=\"Kim Hellberg\" theme=\"sportbladet\">Kim Hellberg<\/a>, 37, har haft en succ\u00e9artad start p\u00e5 sin tr\u00e4narkarri\u00e4r i England efter flytten fr\u00e5n Hammarby till Middlesbrough.<\/p>\n<p class=\"hyperion-css-1v9qo5x\">Nu verkar det dock ha g\u00e5tt grus i maskineriet p\u00e5 Riverside Stadium.<\/p>\n<p class=\"hyperion-css-1v9qo5x\">Under m\u00e5ndagsaftonen \u00e5kte \u201dBoro\u201d p\u00e5 en 0\u20131-f\u00f6rlust hemma mot Hull. Detta trots att man vann skottstatistiken med f\u00f6rkrossande 23\u20134 och hade ett bollinnehav p\u00e5 71 procent.<\/p>\n<p>Bara tv\u00e5 po\u00e4ng ned<\/p>\n<p class=\"hyperion-css-1v9qo5x\">F\u00f6r \u00f6vrigt en f\u00f6rlust mot samma Hull som Hellbergs g\u00e4ng besegrade med 4\u20131 p\u00e5 bortaplan tidigare denna m\u00e5nad.<\/p>\n<p class=\"hyperion-css-1v9qo5x\">0\u20131-f\u00f6rlusten var lagets tredje raka utan seger, efter fyra raka vinster dessf\u00f6rinnan.<\/p>\n<p class=\"hyperion-css-1v9qo5x\">N\u00e5got som inneb\u00e4r ett krympt avst\u00e5nd ned till de jagande lagen bakom. B\u00e5de just Hull och Ipswich (som besegrade serieledande Coventry) \u00e4r nu bara tv\u00e5 po\u00e4ng bakom andraplacerade Middlesbrough.<\/p>\n<p>H\u00e4ndelserInb\u00f6rdes m\u00f6ten5 senasteLaguppst\u00e4llningTabell<\/p>\n","protected":false},"excerpt":{"rendered":"share-arrowDela unsaveSpara expand-left helsk\u00e4rmKim Hellberg. Foto: George Wood \/ Getty Images Han b\u00f6rjade med fyra raka segrar. Nu&hellip;\n","protected":false},"author":2,"featured_media":120306,"comment_status":"","ping_status":"","sticky":false,"template":"","format":"standard","meta":{"footnotes":""},"categories":[5],"tags":[22,23,26,27,17,21,24,25,28,29,15,16,18,34,31,33,32,30,19,20],"class_list":{"0":"post-120305","1":"post","2":"type-post","3":"status-publish","4":"format-standard","5":"has-post-thumbnail","7":"category-rubriker","8":"tag-breaking-news","9":"tag-breakingnews","10":"tag-featured-news","11":"tag-featurednews","12":"tag-headlines","13":"tag-huvudnyheter","14":"tag-latest-news","15":"tag-latestnews","16":"tag-main-news","17":"tag-mainnews","18":"tag-news","19":"tag-nyheter","20":"tag-rubriker","21":"tag-se","22":"tag-svenska","23":"tag-sverige","24":"tag-sweden","25":"tag-swedish","26":"tag-top-stories","27":"tag-topstories"},"share_on_mastodon":{"url":"https:\/\/pubeurope.com\/@se\/115805297273872454","error":""},"_links":{"self":[{"href":"https:\/\/www.europesays.com\/se\/wp-json\/wp\/v2\/posts\/120305","targetHints":{"allow":["GET"]}}],"collection":[{"href":"https:\/\/www.europesays.com\/se\/wp-json\/wp\/v2\/posts"}],"about":[{"href":"https:\/\/www.europesays.com\/se\/wp-json\/wp\/v2\/types\/post"}],"author":[{"embeddable":true,"href":"https:\/\/www.europesays.com\/se\/wp-json\/wp\/v2\/users\/2"}],"replies":[{"embeddable":true,"href":"https:\/\/www.europesays.com\/se\/wp-json\/wp\/v2\/comments?post=120305"}],"version-history":[{"count":0,"href":"https:\/\/www.europesays.com\/se\/wp-json\/wp\/v2\/posts\/120305\/revisions"}],"wp:featuredmedia":[{"embeddable":true,"href":"https:\/\/www.europesays.com\/se\/wp-json\/wp\/v2\/media\/120306"}],"wp:attachment":[{"href":"https:\/\/www.europesays.com\/se\/wp-json\/wp\/v2\/media?parent=120305"}],"wp:term":[{"taxonomy":"category","embeddable":true,"href":"https:\/\/www.europesays.com\/se\/wp-json\/wp\/v2\/categories?post=120305"},{"taxonomy":"post_tag","embeddable":true,"href":"https:\/\/www.europesays.com\/se\/wp-json\/wp\/v2\/tags?post=120305"}],"curies":[{"name":"wp","href":"https:\/\/api.w.org\/{rel}","templated":true}]}}