{"id":120307,"date":"2025-12-29T22:50:06","date_gmt":"2025-12-29T22:50:06","guid":{"rendered":"https:\/\/www.europesays.com\/se\/120307\/"},"modified":"2025-12-29T22:50:06","modified_gmt":"2025-12-29T22:50:06","slug":"bjorck-glanste-pa-nytt-sverige-tog-tredje-raka-svd","status":"publish","type":"post","link":"https:\/\/www.europesays.com\/se\/120307\/","title":{"rendered":"Bj\u00f6rck gl\u00e4nste p\u00e5 nytt \u2013 Sverige tog tredje raka &#8211; SvD"},"content":{"rendered":"<ol>\n<li><a href=\"https:\/\/news.google.com\/rss\/articles\/CBMif0FVX3lxTE1zWlM3bTgtd0hST2JfT21ydC1SU0xlQ0YwUzBRbXlnRkFMajR5ek1DY3JQYWhUYzczMU96UGtIQjZ0US04SWxxSTRRTmdDOXktOU1KcE91UDl1VXVITDZDZEwtdVdHVDNiVmt6UHM4cHJVWkRfZnJxYldoclVwbUU?oc=5\" target=\"_blank\" rel=\"nofollow noopener\">Bj\u00f6rck gl\u00e4nste p\u00e5 nytt \u2013 Sverige tog tredje raka<\/a>&nbsp;&nbsp;SvD<\/li>\n<li><a href=\"https:\/\/news.google.com\/rss\/articles\/CBMioAFBVV95cUxQWUhNckhqMEkwUHNrVzRPMDB3QWNwSGoxUjh1ZVFLWV82MGdmbmVDcW16b2J3YUMwRWRULThZbnZWaGt3WGhWT0c2OUJNbWNqMFMyVlI3RGtBWk9xUnBrVHFRMjZObHU3dXpFXzJSb0ZoOVhseWxlUGJsdEk5TDhNenNvTEJrWmFNemlhdjRvQ0twWVBKT1pEZGxscVVjMmxm?oc=5\" target=\"_blank\" rel=\"nofollow noopener\">17-\u00e5ringen tokhyllas efter nya JVM-succ\u00e9n<\/a>&nbsp;&nbsp;Aftonbladet<\/li>\n<li><a href=\"https:\/\/news.google.com\/rss\/articles\/CBMilgFBVV95cUxNQ003X2F2ckR3RmVuRnNOV3FtUHpZV3o3OHlmd29tOUFIR1NoaE1mdXpBalZId3ZDblVfaUtlWHZKSTRGOUhVMFB2ZDZ5SEVQQXJhRlJ0N3RJaGMwaGliUzlvcDVoN0txZjlkcjhJMEN3Y2pnZlJNanNpWTJiUG9hN04waXp0Wk1MOFJsWnNHT09wYTduRGc?oc=5\" target=\"_blank\" rel=\"nofollow noopener\">Ishockey: Herman Liv ber\u00e4ttar om j\u00e4mf\u00f6relserna med pappa Stefan Liv<\/a>&nbsp;&nbsp;SVT Nyheter<\/li>\n<li><a href=\"https:\/\/news.google.com\/rss\/articles\/CBMilwFBVV95cUxPcTFmVTEydFhFNXpkUEFsV0FhN1VESmkxTGRlTlhPVmNrbGJmallZdFc5eVI2YUhraVlIZlNLdjUzMFFZOU13eHZPZFdxNGRzRzR0d0dtWjB6S3kxaGM0TVU2VXhYc0RCck5DVHFFSjVXY2szcnZzWndMaFJoYnlhVVA3UTJEZGZoWkxPdmhZNmZadDY2eUU0?oc=5\" target=\"_blank\" rel=\"nofollow noopener\">JVM-talangen tokhyllas efter j\u00e4ttematch: \u201dSlutat imponeras\u201d<\/a>&nbsp;&nbsp;Expressen<\/li>\n<li><a href=\"https:\/\/news.google.com\/rss\/articles\/CBMiigFBVV95cUxNTmFWWmxjLWkyYVowcnFZMDgyZVlFZU10QTlqOXFsQ0xqb0lxNEFqaGNrUmJhc0lsLVVfQ2x3bGF5Z09JUTFFMVRVRFhEX0dNOWY5OGVNZVJDR21uVGQ3bG9TZlVHYUNkVnNfY3pGRUo5eldSelB1dDQ4RFRYRFotcDFTSUdVWnhoNlE?oc=5\" target=\"_blank\" rel=\"nofollow noopener\">Sverige byter m\u00e5lvakt \u2013 ikonens son vaktar kassen<\/a>&nbsp;&nbsp;V\u00e4sterbottens-Kuriren<\/li>\n<\/ol>\n","protected":false},"excerpt":{"rendered":"Bj\u00f6rck gl\u00e4nste p\u00e5 nytt \u2013 Sverige tog tredje raka&nbsp;&nbsp;SvD 17-\u00e5ringen tokhyllas efter nya JVM-succ\u00e9n&nbsp;&nbsp;Aftonbladet Ishockey: Herman Liv ber\u00e4ttar&hellip;\n","protected":false},"author":2,"featured_media":120308,"comment_status":"","ping_status":"","sticky":false,"template":"","format":"standard","meta":{"footnotes":""},"categories":[68],"tags":[34,111,110,31,33,32,30],"class_list":{"0":"post-120307","1":"post","2":"type-post","3":"status-publish","4":"format-standard","5":"has-post-thumbnail","7":"category-sport","8":"tag-se","9":"tag-sport","10":"tag-sports","11":"tag-svenska","12":"tag-sverige","13":"tag-sweden","14":"tag-swedish"},"share_on_mastodon":{"url":"https:\/\/pubeurope.com\/@se\/115805305126050183","error":""},"_links":{"self":[{"href":"https:\/\/www.europesays.com\/se\/wp-json\/wp\/v2\/posts\/120307","targetHints":{"allow":["GET"]}}],"collection":[{"href":"https:\/\/www.europesays.com\/se\/wp-json\/wp\/v2\/posts"}],"about":[{"href":"https:\/\/www.europesays.com\/se\/wp-json\/wp\/v2\/types\/post"}],"author":[{"embeddable":true,"href":"https:\/\/www.europesays.com\/se\/wp-json\/wp\/v2\/users\/2"}],"replies":[{"embeddable":true,"href":"https:\/\/www.europesays.com\/se\/wp-json\/wp\/v2\/comments?post=120307"}],"version-history":[{"count":0,"href":"https:\/\/www.europesays.com\/se\/wp-json\/wp\/v2\/posts\/120307\/revisions"}],"wp:featuredmedia":[{"embeddable":true,"href":"https:\/\/www.europesays.com\/se\/wp-json\/wp\/v2\/media\/120308"}],"wp:attachment":[{"href":"https:\/\/www.europesays.com\/se\/wp-json\/wp\/v2\/media?parent=120307"}],"wp:term":[{"taxonomy":"category","embeddable":true,"href":"https:\/\/www.europesays.com\/se\/wp-json\/wp\/v2\/categories?post=120307"},{"taxonomy":"post_tag","embeddable":true,"href":"https:\/\/www.europesays.com\/se\/wp-json\/wp\/v2\/tags?post=120307"}],"curies":[{"name":"wp","href":"https:\/\/api.w.org\/{rel}","templated":true}]}}