{"id":120309,"date":"2025-12-29T22:53:56","date_gmt":"2025-12-29T22:53:56","guid":{"rendered":"https:\/\/www.europesays.com\/se\/120309\/"},"modified":"2025-12-29T22:53:56","modified_gmt":"2025-12-29T22:53:56","slug":"stockholmsborsen-uppat-efter-julledigheten-vasterbottens-kuriren","status":"publish","type":"post","link":"https:\/\/www.europesays.com\/se\/120309\/","title":{"rendered":"Stockholmsb\u00f6rsen upp\u00e5t efter julledigheten &#8211; V\u00e4sterbottens-Kuriren"},"content":{"rendered":"<ol>\n<li><a href=\"https:\/\/news.google.com\/rss\/articles\/CBMigwFBVV95cUxPVTdlSFNvN2dyeDBjdFJxS1owamxHU1dxdjdOSUo1V1FKaWpJVjhsbjh3VzdPcGlQcEpqX09wZDJsZGwzSTdFX0c2T3l2ZmJIY1JTSHBybm1rTUtoYzVJaUdBQmpOWDFGUUJFZTRqdFY1d2cyQmpuQUxadmlYeTBxaElkQQ?oc=5\" target=\"_blank\" rel=\"nofollow noopener\">Stockholmsb\u00f6rsen upp\u00e5t efter julledigheten<\/a>&nbsp;&nbsp;V\u00e4sterbottens-Kuriren<\/li>\n<li><a href=\"https:\/\/news.google.com\/rss\/articles\/CBMifkFVX3lxTE5mVmhiQ3MteGhyLVUyZVZ5b3RyS0t1eXlOWVVlMHc1ZXdfbkxtQ0RMOG5RTnJ3aHNEeEJacnZGZjU2N0stQTZ6M1pkRWRPRS13WkRGYzVsQzZsTHMtdXZrWmszajBaaFFPMjRHS3dpTW4tTDJPNHJsWFJ6MDg2Zw?oc=5\" target=\"_blank\" rel=\"nofollow noopener\">Rekordst\u00e4ngning p\u00e5 b\u00f6rsen \u2013 Investor \u00f6ver dr\u00f6mgr\u00e4ns<\/a>&nbsp;&nbsp;DI<\/li>\n<li><a href=\"https:\/\/news.google.com\/rss\/articles\/CBMiakFVX3lxTFBDQzU1dVpENkxCQUN5X2YtblBMOHNFc1k2SGFqdkVtbEs4RkxXaDJpOTM2R2RReTBxRlQ1MEZzVTBiZ3NQYTk4V1FEUUJNY19DTThjaVJrbXU5MUhHb3hJVFFqc3FlTVhxdkE?oc=5\" target=\"_blank\" rel=\"nofollow noopener\">OMXS30 st\u00e4ngde p\u00e5 nytt rekord \u2013 Saab repade sig n\u00e5got<\/a>&nbsp;&nbsp;Omni<\/li>\n<li><a href=\"https:\/\/news.google.com\/rss\/articles\/CBMijgFBVV95cUxNaTJkeDNwa2dSSjNseXlHNGRsZE52b0lVR1paNnB3SHVESk53VUFxN1h0cEV3ZUt3NTNSTTR1Q2xNOUtsUFVjVzRZY3NLZGNGeXFCdG9Gd2dvX044emlSNmJ4aW1hMGg3V2hIbV85YTFYbFBnTEc1M3N2dmNVa2tpMnkxVXJUTVF5NmltNk9n?oc=5\" target=\"_blank\" rel=\"nofollow noopener\">B\u00f6rsens uppg\u00e5ngssvit inne p\u00e5 sin femte dag<\/a>&nbsp;&nbsp;Placera.se<\/li>\n<li><a href=\"https:\/\/news.google.com\/rss\/articles\/CBMiZ0FVX3lxTE5vbDhaekJobXNYaVNuUWpuc0NRZEV2WVNpOGdKODR4Yk1FYWxZV21PX3NmRWlYT2VzQ08xeXdoNjhZSlFFUldpMGJ2dzUxT1l6a0lQZVhsZ2piOHhla3RwM21PS3dmTXM?oc=5\" target=\"_blank\" rel=\"nofollow noopener\">B\u00f6rsen \u00f6ppnar p\u00e5 plus<\/a>&nbsp;&nbsp;V\u00e4sterbottens-Kuriren<\/li>\n<\/ol>\n","protected":false},"excerpt":{"rendered":"Stockholmsb\u00f6rsen upp\u00e5t efter julledigheten&nbsp;&nbsp;V\u00e4sterbottens-Kuriren Rekordst\u00e4ngning p\u00e5 b\u00f6rsen \u2013 Investor \u00f6ver dr\u00f6mgr\u00e4ns&nbsp;&nbsp;DI OMXS30 st\u00e4ngde p\u00e5 nytt rekord \u2013 Saab&hellip;\n","protected":false},"author":2,"featured_media":120310,"comment_status":"","ping_status":"","sticky":false,"template":"","format":"standard","meta":{"footnotes":""},"categories":[65],"tags":[72,70,71,34,31,33,32,30],"class_list":{"0":"post-120309","1":"post","2":"type-post","3":"status-publish","4":"format-standard","5":"has-post-thumbnail","7":"category-ekonomi","8":"tag-business","9":"tag-economy","10":"tag-ekonomi","11":"tag-se","12":"tag-svenska","13":"tag-sverige","14":"tag-sweden","15":"tag-swedish"},"share_on_mastodon":{"url":"https:\/\/pubeurope.com\/@se\/115805320824538618","error":""},"_links":{"self":[{"href":"https:\/\/www.europesays.com\/se\/wp-json\/wp\/v2\/posts\/120309","targetHints":{"allow":["GET"]}}],"collection":[{"href":"https:\/\/www.europesays.com\/se\/wp-json\/wp\/v2\/posts"}],"about":[{"href":"https:\/\/www.europesays.com\/se\/wp-json\/wp\/v2\/types\/post"}],"author":[{"embeddable":true,"href":"https:\/\/www.europesays.com\/se\/wp-json\/wp\/v2\/users\/2"}],"replies":[{"embeddable":true,"href":"https:\/\/www.europesays.com\/se\/wp-json\/wp\/v2\/comments?post=120309"}],"version-history":[{"count":0,"href":"https:\/\/www.europesays.com\/se\/wp-json\/wp\/v2\/posts\/120309\/revisions"}],"wp:featuredmedia":[{"embeddable":true,"href":"https:\/\/www.europesays.com\/se\/wp-json\/wp\/v2\/media\/120310"}],"wp:attachment":[{"href":"https:\/\/www.europesays.com\/se\/wp-json\/wp\/v2\/media?parent=120309"}],"wp:term":[{"taxonomy":"category","embeddable":true,"href":"https:\/\/www.europesays.com\/se\/wp-json\/wp\/v2\/categories?post=120309"},{"taxonomy":"post_tag","embeddable":true,"href":"https:\/\/www.europesays.com\/se\/wp-json\/wp\/v2\/tags?post=120309"}],"curies":[{"name":"wp","href":"https:\/\/api.w.org\/{rel}","templated":true}]}}