{"id":120311,"date":"2025-12-29T22:56:12","date_gmt":"2025-12-29T22:56:12","guid":{"rendered":"https:\/\/www.europesays.com\/se\/120311\/"},"modified":"2025-12-29T22:56:12","modified_gmt":"2025-12-29T22:56:12","slug":"intervju-sa-blev-drommen-verklighet-wallin-har-musklerna-att-kunna-investera-nwt","status":"publish","type":"post","link":"https:\/\/www.europesays.com\/se\/120311\/","title":{"rendered":"INTERVJU: S\u00e5 blev dr\u00f6mmen verklighet \u2013 Wallin: \u201dHar musklerna att kunna investera\u201d &#8211; NWT"},"content":{"rendered":"<ol>\n<li><a href=\"https:\/\/news.google.com\/rss\/articles\/CBMiswFBVV95cUxNWHdneWpxOFRaT1JXcDk2Z3VpZUZycTRoYk5PSkduVDNwaTlpaGJmelYxRERsRXIySGotaDdUbjRpeG9VcTg2Z0VjNEU4Q2ZsUEtUS1VnMzJTM0tQeGo2R1RZbzBkZmljYkxMQTdEdkFKSlJuY3NRX1hBTGExd2JkN1ZJZ19MVWtEbUhNRGg3blcwMkRlRy1YQjRmRW1HSFNUeXNiUmtBMzlRUkc1dkpCUHlKYw?oc=5\" target=\"_blank\" rel=\"nofollow noopener\">INTERVJU: S\u00e5 blev dr\u00f6mmen verklighet \u2013 Wallin: \u201dHar musklerna att kunna investera\u201d<\/a>&nbsp;&nbsp;NWT<\/li>\n<li><a href=\"https:\/\/news.google.com\/rss\/articles\/CBMilAFBVV95cUxPU0ZXcGx6UFltZVQ2SEZObHBDWlo4dTNYblVrY3d2ZkpDdm1fQW85UTFlY3lkOHZuSXNIdXhYdExLZ2lfdkZuYTJrUGZMRW02a1ZHSEU2QVBYLVV0eEF4MTJoNVk4eUtBWU5BcjZheWphYUZ5R3BmMHhOcjF4Y3ItRDR2QkxjN3VUbElObXYwb1JoWUtI?oc=5\" target=\"_blank\" rel=\"nofollow noopener\">David Tom\u00e1\u0161ek \u00e4r tillbaka i F\u00e4rjestad<\/a>&nbsp;&nbsp;Aftonbladet<\/li>\n<li><a href=\"https:\/\/news.google.com\/rss\/articles\/CBMivAFBVV95cUxNSFZpSTMta2laajhaV0RCV0hFWWZ4TDVNSnZFdWNKaEZGQVozTmxyMlBDVWNVUTJQbWg2UUhaQjZ5ZTR1NGxULUVSWTdEWnJlSXFhSEN5UjZPRWFCeHFIUmV5UU5BRnhYcG1QS0h3MTRNcWpMczZVMVpNUEV0Uk8zWXoxNXlUMzNfX2ZTRkd0RGpRUVZCQVhYNHMxZ1A5b0Fpb1ZjR2c0NnJFUm9JZVIzeXRzUHpwT3dMamlYVA?oc=5\" target=\"_blank\" rel=\"nofollow noopener\">Dr\u00f6mv\u00e4rvningen i hamn \u2013 Tom\u00e1sek \u00e5terv\u00e4nder till FBK: \u201dG\u00e5r inte hitta en b\u00e4ttre pusselbit\u201d<\/a>&nbsp;&nbsp;VF<\/li>\n<li><a href=\"https:\/\/news.google.com\/rss\/articles\/CBMikAFBVV95cUxNd3NqRTRJbXM0QjZNTlZKcm1FMThkbllZRmRtckRkZmVpU2lOMDFSSTY1bVJweGNUSHRLclhDa0dMWE4tRXU4LTZ0Rkk0VmtMMzl5ak1fX2dNMWlnNUQtQktFM09YVXBtVjJQQlhtRUlxWGE2RVZ0d0lsS2U2OGRsNDEtSGlnX3lZMzIwRXZUd1g?oc=5\" target=\"_blank\" rel=\"nofollow noopener\">Ishockey: Klart: David Tomasek \u00e5terv\u00e4nder till F\u00e4rjestad \u2013 Senaste nytt: SHL<\/a>&nbsp;&nbsp;SVT Nyheter<\/li>\n<li><a href=\"https:\/\/news.google.com\/rss\/articles\/CBMikgFBVV95cUxPUjBnTDNSNmtRSVRmOVh4UkZyU2dUZWhFWnRiVm94aXNFUXZfaWxab3FmM3d0UFBObmM5U3ZLQzBIR1l0WmZnbVZwaFI0V3NJY2s0bTFzOVd0UkRvX2pvd3V6RmJ5dUU2MkRseGRuWHF6WWJJckhjTlVQT2xZWTZITlFmM28zdHZKajZXR0p3TFRFZw?oc=5\" target=\"_blank\" rel=\"nofollow noopener\">En jackpot f\u00f6r F\u00e4rjestad<\/a>&nbsp;&nbsp;Expressen<\/li>\n<\/ol>\n","protected":false},"excerpt":{"rendered":"INTERVJU: S\u00e5 blev dr\u00f6mmen verklighet \u2013 Wallin: \u201dHar musklerna att kunna investera\u201d&nbsp;&nbsp;NWT David Tom\u00e1\u0161ek \u00e4r tillbaka i F\u00e4rjestad&nbsp;&nbsp;Aftonbladet&hellip;\n","protected":false},"author":2,"featured_media":120312,"comment_status":"","ping_status":"","sticky":false,"template":"","format":"standard","meta":{"footnotes":""},"categories":[5],"tags":[22,23,26,27,17,21,24,25,28,29,15,16,18,34,31,33,32,30,19,20],"class_list":{"0":"post-120311","1":"post","2":"type-post","3":"status-publish","4":"format-standard","5":"has-post-thumbnail","7":"category-rubriker","8":"tag-breaking-news","9":"tag-breakingnews","10":"tag-featured-news","11":"tag-featurednews","12":"tag-headlines","13":"tag-huvudnyheter","14":"tag-latest-news","15":"tag-latestnews","16":"tag-main-news","17":"tag-mainnews","18":"tag-news","19":"tag-nyheter","20":"tag-rubriker","21":"tag-se","22":"tag-svenska","23":"tag-sverige","24":"tag-sweden","25":"tag-swedish","26":"tag-top-stories","27":"tag-topstories"},"share_on_mastodon":{"url":"https:\/\/pubeurope.com\/@se\/115805328646058432","error":""},"_links":{"self":[{"href":"https:\/\/www.europesays.com\/se\/wp-json\/wp\/v2\/posts\/120311","targetHints":{"allow":["GET"]}}],"collection":[{"href":"https:\/\/www.europesays.com\/se\/wp-json\/wp\/v2\/posts"}],"about":[{"href":"https:\/\/www.europesays.com\/se\/wp-json\/wp\/v2\/types\/post"}],"author":[{"embeddable":true,"href":"https:\/\/www.europesays.com\/se\/wp-json\/wp\/v2\/users\/2"}],"replies":[{"embeddable":true,"href":"https:\/\/www.europesays.com\/se\/wp-json\/wp\/v2\/comments?post=120311"}],"version-history":[{"count":0,"href":"https:\/\/www.europesays.com\/se\/wp-json\/wp\/v2\/posts\/120311\/revisions"}],"wp:featuredmedia":[{"embeddable":true,"href":"https:\/\/www.europesays.com\/se\/wp-json\/wp\/v2\/media\/120312"}],"wp:attachment":[{"href":"https:\/\/www.europesays.com\/se\/wp-json\/wp\/v2\/media?parent=120311"}],"wp:term":[{"taxonomy":"category","embeddable":true,"href":"https:\/\/www.europesays.com\/se\/wp-json\/wp\/v2\/categories?post=120311"},{"taxonomy":"post_tag","embeddable":true,"href":"https:\/\/www.europesays.com\/se\/wp-json\/wp\/v2\/tags?post=120311"}],"curies":[{"name":"wp","href":"https:\/\/api.w.org\/{rel}","templated":true}]}}