{"id":120313,"date":"2025-12-29T22:58:29","date_gmt":"2025-12-29T22:58:29","guid":{"rendered":"https:\/\/www.europesays.com\/se\/120313\/"},"modified":"2025-12-29T22:58:29","modified_gmt":"2025-12-29T22:58:29","slug":"live-sverige-vann-mot-schweiz-sa-var-rysaren","status":"publish","type":"post","link":"https:\/\/www.europesays.com\/se\/120313\/","title":{"rendered":"LIVE: Sverige vann mot Schweiz &#8211; s\u00e5 var rysaren"},"content":{"rendered":"<p>Sverige g\u00f6r en halv bra och en halv d\u00e5lig match idag, kan man s\u00e4ga. F\u00f6rsta 15 \u00e4r bra, sen \u00e4r man riktigt svaga i 25 minuter innan man studsar tillbaka och g\u00f6r en bra tredjeperiod.<\/p>\n<p>Men det \u00e4r klart att man m\u00e5ste h\u00f6ja sig mot USA p\u00e5 ny\u00e5rsafton. D\u00e5 kommer det h\u00e4r inte r\u00e4cka.<\/p>\n<p>N\u00e5ja, en seger \u00e4r en seger. Sverige st\u00e5r p\u00e5 sex po\u00e4ng. Gott s\u00e5!<\/p>\n<p>Tack f\u00f6r att ni h\u00e4ngt med i kv\u00e4ll, vi h\u00f6rs igen imorgon d\u00e5 Tyskland st\u00e5r f\u00f6r motst\u00e5ndet. Pucken sl\u00e4pps vid 19 men jag och Simon drar ig\u00e5ng strax f\u00f6re 18:00.<\/p>\n<p><img decoding=\"async\" src=\"https:\/\/www.europesays.com\/se\/wp-content\/uploads\/2025\/12\/lcimg-e23cd62c-4722-4ce0-8511-99fa5212c449.jpeg\" class=\"ncpost-image\" alt=\"Lucas Pettersson blev hj\u00e4lte\"\/><\/p>\n<p class=\"ncpost-image-byline\" aria-hidden=\"true\">Lucas Pettersson blev hj\u00e4lteBildbyr\u00e5n<\/p>\n","protected":false},"excerpt":{"rendered":"Sverige g\u00f6r en halv bra och en halv d\u00e5lig match idag, kan man s\u00e4ga. F\u00f6rsta 15 \u00e4r bra,&hellip;\n","protected":false},"author":2,"featured_media":120314,"comment_status":"","ping_status":"","sticky":false,"template":"","format":"standard","meta":{"footnotes":""},"categories":[68],"tags":[34,133,111,110,31,33,32,30],"class_list":{"0":"post-120313","1":"post","2":"type-post","3":"status-publish","4":"format-standard","5":"has-post-thumbnail","7":"category-sport","8":"tag-se","9":"tag-second-news","10":"tag-sport","11":"tag-sports","12":"tag-svenska","13":"tag-sverige","14":"tag-sweden","15":"tag-swedish"},"share_on_mastodon":{"url":"https:\/\/pubeurope.com\/@se\/115805336615359563","error":""},"_links":{"self":[{"href":"https:\/\/www.europesays.com\/se\/wp-json\/wp\/v2\/posts\/120313","targetHints":{"allow":["GET"]}}],"collection":[{"href":"https:\/\/www.europesays.com\/se\/wp-json\/wp\/v2\/posts"}],"about":[{"href":"https:\/\/www.europesays.com\/se\/wp-json\/wp\/v2\/types\/post"}],"author":[{"embeddable":true,"href":"https:\/\/www.europesays.com\/se\/wp-json\/wp\/v2\/users\/2"}],"replies":[{"embeddable":true,"href":"https:\/\/www.europesays.com\/se\/wp-json\/wp\/v2\/comments?post=120313"}],"version-history":[{"count":0,"href":"https:\/\/www.europesays.com\/se\/wp-json\/wp\/v2\/posts\/120313\/revisions"}],"wp:featuredmedia":[{"embeddable":true,"href":"https:\/\/www.europesays.com\/se\/wp-json\/wp\/v2\/media\/120314"}],"wp:attachment":[{"href":"https:\/\/www.europesays.com\/se\/wp-json\/wp\/v2\/media?parent=120313"}],"wp:term":[{"taxonomy":"category","embeddable":true,"href":"https:\/\/www.europesays.com\/se\/wp-json\/wp\/v2\/categories?post=120313"},{"taxonomy":"post_tag","embeddable":true,"href":"https:\/\/www.europesays.com\/se\/wp-json\/wp\/v2\/tags?post=120313"}],"curies":[{"name":"wp","href":"https:\/\/api.w.org\/{rel}","templated":true}]}}