{"id":120325,"date":"2025-12-29T23:12:11","date_gmt":"2025-12-29T23:12:11","guid":{"rendered":"https:\/\/www.europesays.com\/se\/120325\/"},"modified":"2025-12-29T23:12:11","modified_gmt":"2025-12-29T23:12:11","slug":"29-december-17-12-ran-forsok-jarfalla-polisen-se","status":"publish","type":"post","link":"https:\/\/www.europesays.com\/se\/120325\/","title":{"rendered":"29 december 17.12, R\u00e5n, f\u00f6rs\u00f6k, J\u00e4rf\u00e4lla &#8211; polisen.se"},"content":{"rendered":"<ol>\n<li><a href=\"https:\/\/news.google.com\/rss\/articles\/CBMimAFBVV95cUxQLTlIZk4zR2VNcktIcHcxRDRhLWhnWVdmNDhUT3FLVUVSY0picFM4b3dUNkxrcktJbnRUb1dycmRjMHFtUHZZUFJsT3ktOHBlS194R0Fva24wOTkxMGpuRnVxNU5QSTh5b0tmbzFlWmhyTy1BZk9vTXhmd2pSNXFJUmxvQWZocFNJdl8tX1NQMkNBR3hhRzRueg?oc=5\" target=\"_blank\" rel=\"nofollow noopener\">29 december 17.12, R\u00e5n, f\u00f6rs\u00f6k, J\u00e4rf\u00e4lla<\/a>&nbsp;&nbsp;polisen.se<\/li>\n<li><a href=\"https:\/\/news.google.com\/rss\/articles\/CBMiiwFBVV95cUxOdHBBYktBSnhLWXl4ZGFyX3FQZFN3U2J6SG1JQlF3V2lxT1JtSEcyRzNlVDR2WkR1RFpUNWw3ZEpheW5XbnJlUG1rcFd0LTV5eEdYa1ktU1VqSG5NLTFKTmg2OXV2SDBMWEpiQmVRY2JBT0I3dHpaZWQydGZLMlpKRUtrZDR5clZuSkZj?oc=5\" target=\"_blank\" rel=\"nofollow noopener\">Dubbla r\u00e5nf\u00f6rs\u00f6k i Jakobsberg \u2013 stor polisinsats<\/a>&nbsp;&nbsp;Sveriges Radio<\/li>\n<li><a href=\"https:\/\/news.google.com\/rss\/articles\/CBMid0FVX3lxTE9meGpNZUcwbGNRVjlTM1VVZXN5S3N4YmFjS0pCaFZwOTRvRkVydkRrdUpSZV9RQnkyakplN3V3Vl9BOEt5b2doWkh3dWRJbExLeko3TmZkZlBVdlZXUTJJcUdvVjZzcTh3d25JTUtBOGxTY2xaZ1Zr?oc=5\" target=\"_blank\" rel=\"nofollow noopener\">Polisjakt norr om Stockholm efter r\u00e5nf\u00f6rs\u00f6k<\/a>&nbsp;&nbsp;Omni<\/li>\n<li><a href=\"https:\/\/news.google.com\/rss\/articles\/CBMiigFBVV95cUxNRFBZQ3J0ZHdnSGVkZVJuTmhWNFRqY3JlTmVvQjY1OXJUV1g5ZlpMaF9yTEtrTUlyMXc4UW83a1U2VzVmVmNsWlBlRXhubTFEaWQ3cV9WS3VLdnRTamRybDBIUEpmU1pfVV9WM29oYklhUloxUm9ETnp1ZGt4MWgzMDFSMVZWUDNzenc?oc=5\" target=\"_blank\" rel=\"nofollow noopener\">R\u00e5nare med pistol och kofot jagas<\/a>&nbsp;&nbsp;Aftonbladet<\/li>\n<li><a href=\"https:\/\/news.google.com\/rss\/articles\/CBMioAJBVV95cUxQT3VYMkV4VExuLWp2MG1LU3p3MGRKa285enNRZEx3RV9CLXBmaW9oUWtzNHp4cUNIcWZreTk2dURVOXBJYnp2cmJSLXJZVnhtMkRQTVFDZTFBYWdqZVV2Y2Q1ZVVDV2FFaUNocVJnWWhHWUNISVlWVWc5MUVseVdEXzVmRmhFQXRsZUJkR2Ntem4ydzNVZUc3a2IwT3NlNHpNT1NqbnRIcXk5ZEJTWWE1b08wUzc1dTdJd2sxREhkNWpYNkJ2WVVfTEV2UWUxSldsdlE1djd2N3JFTy1GNzBMeVNfeG9HeHVqNEJ0aU9kRHdCRXJBa1NxdGRXd1lGdGlVYjFjMUhoX1lsZHdnaXJyTmx3VXJJUWhRTFY2eWpfckY?oc=5\" target=\"_blank\" rel=\"nofollow noopener\">R\u00e5nf\u00f6rs\u00f6k mot tv\u00e5 butiker i Jakobsbergs centrum \u2013 g\u00e4rningsman jagas av polis<\/a>&nbsp;&nbsp;Brottsplatskartan.se<\/li>\n<\/ol>\n","protected":false},"excerpt":{"rendered":"29 december 17.12, R\u00e5n, f\u00f6rs\u00f6k, J\u00e4rf\u00e4lla&nbsp;&nbsp;polisen.se Dubbla r\u00e5nf\u00f6rs\u00f6k i Jakobsberg \u2013 stor polisinsats&nbsp;&nbsp;Sveriges Radio Polisjakt norr om Stockholm&hellip;\n","protected":false},"author":2,"featured_media":54,"comment_status":"","ping_status":"","sticky":false,"template":"","format":"standard","meta":{"footnotes":""},"categories":[5],"tags":[22,23,26,27,17,21,24,25,28,29,15,16,18,34,31,33,32,30,19,20],"class_list":{"0":"post-120325","1":"post","2":"type-post","3":"status-publish","4":"format-standard","5":"has-post-thumbnail","7":"category-rubriker","8":"tag-breaking-news","9":"tag-breakingnews","10":"tag-featured-news","11":"tag-featurednews","12":"tag-headlines","13":"tag-huvudnyheter","14":"tag-latest-news","15":"tag-latestnews","16":"tag-main-news","17":"tag-mainnews","18":"tag-news","19":"tag-nyheter","20":"tag-rubriker","21":"tag-se","22":"tag-svenska","23":"tag-sverige","24":"tag-sweden","25":"tag-swedish","26":"tag-top-stories","27":"tag-topstories"},"share_on_mastodon":{"url":"https:\/\/pubeurope.com\/@se\/115805391563105001","error":""},"_links":{"self":[{"href":"https:\/\/www.europesays.com\/se\/wp-json\/wp\/v2\/posts\/120325","targetHints":{"allow":["GET"]}}],"collection":[{"href":"https:\/\/www.europesays.com\/se\/wp-json\/wp\/v2\/posts"}],"about":[{"href":"https:\/\/www.europesays.com\/se\/wp-json\/wp\/v2\/types\/post"}],"author":[{"embeddable":true,"href":"https:\/\/www.europesays.com\/se\/wp-json\/wp\/v2\/users\/2"}],"replies":[{"embeddable":true,"href":"https:\/\/www.europesays.com\/se\/wp-json\/wp\/v2\/comments?post=120325"}],"version-history":[{"count":0,"href":"https:\/\/www.europesays.com\/se\/wp-json\/wp\/v2\/posts\/120325\/revisions"}],"wp:featuredmedia":[{"embeddable":true,"href":"https:\/\/www.europesays.com\/se\/wp-json\/wp\/v2\/media\/54"}],"wp:attachment":[{"href":"https:\/\/www.europesays.com\/se\/wp-json\/wp\/v2\/media?parent=120325"}],"wp:term":[{"taxonomy":"category","embeddable":true,"href":"https:\/\/www.europesays.com\/se\/wp-json\/wp\/v2\/categories?post=120325"},{"taxonomy":"post_tag","embeddable":true,"href":"https:\/\/www.europesays.com\/se\/wp-json\/wp\/v2\/tags?post=120325"}],"curies":[{"name":"wp","href":"https:\/\/api.w.org\/{rel}","templated":true}]}}