{"id":120330,"date":"2025-12-29T23:39:09","date_gmt":"2025-12-29T23:39:09","guid":{"rendered":"https:\/\/www.europesays.com\/se\/120330\/"},"modified":"2025-12-29T23:39:09","modified_gmt":"2025-12-29T23:39:09","slug":"elleshia-seymour-forsvann-med-barnen-i-skrack-for-domedagen","status":"publish","type":"post","link":"https:\/\/www.europesays.com\/se\/120330\/","title":{"rendered":"Elleshia Seymour f\u00f6rsvann med barnen \u201di skr\u00e4ck f\u00f6r domedagen\u201d"},"content":{"rendered":"<p><a data-test-tag=\"internal-link\" href=\"https:\/\/www.aftonbladet.se\/av\/johan-edgar\" class=\"hyperion-css-13ns1rr\" rel=\"nofollow noopener\" target=\"\" aria-label=\"Se alla artiklar av Johan Edgar\"><img decoding=\"async\" class=\"image-asset hyperion-css-n6kkq1\" data-test-tag=\"image-asset\" src=\"https:\/\/www.europesays.com\/se\/wp-content\/uploads\/2025\/12\/95268424-8e04-40ee-ba36-b98d6cc58976.png\"  alt=\"\"  loading=\"lazy\" fetchpriority=\"auto\" style=\"aspect-ratio:1900 \/ 1900\"\/><\/a>share-arrowDela<\/p>\n<p>unsaveSpara<\/p>\n<p>expand-left<\/p>\n<p>helsk\u00e4rm<img decoding=\"async\" class=\"image-asset hyperion-css-u06ts1\" data-test-tag=\"image-asset\" src=\"https:\/\/www.europesays.com\/se\/wp-content\/uploads\/2025\/12\/5b3fa6dc-cf04-4301-b88f-30d436d08982.jpeg\"  alt=\"F\u00f6r Elleshia Seymours exmake Kendall Seymour kom kidnappningen och f\u00f6rsvinnandet som en chock. \"  loading=\"eager\" fetchpriority=\"high\" style=\"aspect-ratio:571 \/ 303\"\/>F\u00f6r Elleshia Seymours exmake Kendall Seymour kom kidnappningen och f\u00f6rsvinnandet som en chock. Foto: Go Fund Me<\/p>\n<p class=\"hyperion-css-1shl3oz\" data-test-tag=\"lead-text\">Pl\u00f6tsligt var mamman och barnen bara borta.<\/p>\n<p class=\"hyperion-css-1shl3oz\" data-test-tag=\"lead-text\">Ingen f\u00f6rstod varf\u00f6r.<\/p>\n<p class=\"hyperion-css-1shl3oz\" data-test-tag=\"lead-text\">Sedan s\u00e5g ex-maken hennes konto p\u00e5 Tiktok.<\/p>\n<ul class=\"hyperion-css-e9gx76\" data-test-tag=\"list\">\n<li class=\"hyperion-css-1d843yr\">Elleshia Seymour, mamma till fyra barn, f\u00f6rsvann pl\u00f6tsligt med dem till Europa och l\u00e4mnade bakom sig ett kryptiskt &#8221;meddelande fr\u00e5n Gud&#8221; och en planeringslista.<\/li>\n<li class=\"hyperion-css-1d843yr\">Hennes ex-make och lokala myndigheter i Utah var ovetande om hennes planer tills hennes religi\u00f6sa \u00f6vertygelser uppt\u00e4cktes via hennes TikTok-konto.<\/li>\n<li class=\"hyperion-css-1d843yr\">FBI och lokal polis har inlett en utredning om kidnappningen och hoppas p\u00e5 internationellt st\u00f6d f\u00f6r att hitta barnen och deras mamma.<\/li>\n<\/ul>\n<p>L\u00e4s mer<\/p>\n<p class=\"hyperion-css-1v9qo5x\">Elleshia Seymour, 35, har delad v\u00e5rdnad om de fyra barnen.<\/p>\n<p class=\"hyperion-css-1v9qo5x\">N\u00e4r det var hennes vecka tog hon tillf\u00e4llet i akt och f\u00f6rsvann.<\/p>\n<p class=\"hyperion-css-1v9qo5x\">Nu jagas hon i Europa efter att ha l\u00e4mnat efter sig ett f\u00f6rvirrat \u201dmeddelande fr\u00e5n Gud\u201d, <a aria-label=\"skriver New York Post.\" class=\"default hyperion-css-15jkft9\" href=\"https:\/\/nypost.com\/2025\/12\/29\/us-news\/utah-mom-elleshia-seymour-who-allegedly-abducted-kids-to-europe-had-secret-tiktok-shocked-ex-hubby-says\/\" rel=\"noopener nofollow noreferrer\" data-test-tag=\"external-link\" target=\"_blank\">skriver New York Post.<\/a><\/p>\n<p>Gick p\u00e5 flyg och f\u00f6rsvann<\/p>\n<p class=\"hyperion-css-1v9qo5x\">Bevis som hittats i hemmet visar att hon planerat den ov\u00e4ntade kidnappningen minuti\u00f6st.<\/p>\n<p class=\"hyperion-css-1v9qo5x\">Kvar i <a data-test-tag=\"internal-link\" href=\"https:\/\/www.aftonbladet.se\/tagg\/utah\" class=\"hyperion-css-15jkft9\" rel=\"nofollow noopener\" target=\"\" aria-label=\"Utah\">Utah<\/a> finns Kendall Seymour, pappa till de tre \u00e4ldsta barnen, och ytterligare en pappa som inte f\u00f6rstod n\u00e5gonting.<\/p>\n<p class=\"hyperion-css-1v9qo5x\">35-\u00e5ringen gick ombord en Delta Airlines-flight fr\u00e5n Salt Lake City till Kroatien den 30 november. Sedan dess finns inga sp\u00e5r efter henne och de fyra barnen i \u00e5ldrarna 3\u201311 \u00e5r.<\/p>\n<p class=\"hyperion-css-1v9qo5x\">F\u00f6r Kendall Seymour kom ex-hustruns kidnappning av barnen som en chock.<\/p>\n<p class=\"hyperion-css-1v9qo5x\">Han s\u00e5g barnen senaste g\u00e5ngen n\u00e4r han skjutsade dem till skolan den 25 november. Sedan var det mammans vecka.<\/p>\n<p>expand-left<\/p>\n<p>helsk\u00e4rm<img decoding=\"async\" class=\"image-asset hyperion-css-u06ts1\" data-test-tag=\"image-asset\" src=\"https:\/\/www.europesays.com\/se\/wp-content\/uploads\/2025\/12\/e0711807-1d23-418e-85dc-975e68305e3e.jpeg\"  alt=\"Ex-maken hoppas att barnen och deras mamma ska hittas.\"  loading=\"eager\" fetchpriority=\"high\" style=\"aspect-ratio:430 \/ 743\"\/>Ex-maken hoppas att barnen och deras mamma ska hittas. Foto: Go Fund MeI skr\u00e4ck f\u00f6r underg\u00e5ngen<\/p>\n<p class=\"hyperion-css-1v9qo5x\">N\u00e5gra dagar senare h\u00f6rde f\u00f6rskolepersonal av sig till honom och undrade om barnet var sjukt. I samma veva rapporterade Elleshia Seymours kollegor att hon inte synts till p\u00e5 jobbet.<\/p>\n<p class=\"hyperion-css-1v9qo5x\">D\u00e5 rullades den mystiska historien upp.<\/p>\n<p class=\"hyperion-css-1v9qo5x\">Mamman l\u00e4mnade ett r\u00f6stmeddelande till en av sina barns pappor den 2 december d\u00e4r hon ber\u00e4ttade att de var i Frankrike och att hon unders\u00f6kte m\u00f6jligheten att bli kvar i Europa permanent, skriver New York Post.<\/p>\n<p class=\"hyperion-css-1v9qo5x\">Anledningen till flykten fr\u00e5n USA var \u201dhennes skr\u00e4ck f\u00f6r den annalkande underg\u00e5ngen\u201d.<\/p>\n<p class=\"hyperion-css-1v9qo5x\">I hemmet l\u00e4mnade mamman efter sig tv\u00e5 handskrivna lappar.<\/p>\n<p>expand-left<\/p>\n<p>helsk\u00e4rm<img decoding=\"async\" class=\"image-asset hyperion-css-u06ts1\" data-test-tag=\"image-asset\" src=\"https:\/\/www.europesays.com\/se\/wp-content\/uploads\/2025\/12\/42b17b12-43e8-4443-9e08-85b22ac6dae2.jpeg\"  alt=\"Elleshia Seymour flydde USA i \u201dskr\u00e4ck f\u00f6r den annalkande underg\u00e5ngen\u201d.\"  loading=\"eager\" fetchpriority=\"high\" style=\"aspect-ratio:1900 \/ 1110\"\/>Elleshia Seymour flydde USA i \u201dskr\u00e4ck f\u00f6r den annalkande underg\u00e5ngen\u201d. Foto: Getty ImagesL\u00f6fte fr\u00e5n Gud<\/p>\n<p class=\"hyperion-css-1v9qo5x\">Ett f\u00f6rvirrat \u201dmeddelande fr\u00e5n Gud\u201d som lovar henne att hon ska f\u00e5 fira jul i Italien.<\/p>\n<p class=\"hyperion-css-1v9qo5x\">Den andra var en checklista \u00f6ver saker hon skulle g\u00f6ra innan resan. P\u00e5 listan fanns saker som att f\u00f6rst\u00f6ra olika dokument och bilder, g\u00f6ra sig av med sin telefon och skaffa en kontantkortsmobil.<\/p>\n<p class=\"hyperion-css-1v9qo5x\">Allt var fortfarande obegripligt f\u00f6r Kendall Seymour. Men sedan avsl\u00f6jades 35-\u00e5ringens hemliga religi\u00f6sa radikalisering och tron p\u00e5 underg\u00e5ngen genom hennes aktivitet p\u00e5 sociala medier. <\/p>\n<p class=\"hyperion-css-1v9qo5x\">\u2013 Jag k\u00e4nde inte till n\u00e5gra av hennes id\u00e9er innan n\u00e5gon hittade hennes konto p\u00e5 Tiktok, s\u00e4ger han till KSL-TV.<\/p>\n<p class=\"hyperion-css-1v9qo5x\">\u2013 Hon tror att Salt Lake City kommer f\u00f6rst\u00f6ras och f\u00f6rs\u00f6ker r\u00e4dda barnen i s\u00e4kerhet. Mitt enda hopp \u00e4r att hon drivs av att skydda dem. Det fanns inga tecken p\u00e5 det h\u00e4r n\u00e4r vi var gifta eller under de senaste fem \u00e5ren som skilda.<\/p>\n<p>Utreds av FBI<\/p>\n<p class=\"hyperion-css-1v9qo5x\">Lokal polis i Utah utreder nu kidnappningen med hj\u00e4lp av <a data-test-tag=\"internal-link\" href=\"https:\/\/www.aftonbladet.se\/tagg\/fbi\" class=\"hyperion-css-15jkft9\" rel=\"nofollow noopener\" target=\"\" aria-label=\"FBI\">FBI<\/a>. <\/p>\n<p class=\"hyperion-css-1v9qo5x\">Kendall Seymour v\u00e4ntar nu p\u00e5 att den delstatliga arresteringsordern mot ex-frun ska omvandlas till en federal s\u00e5dan, s\u00e5 att Interpol kan kan bist\u00e5 med utredningen internationellt. <\/p>\n<p class=\"hyperion-css-1v9qo5x\">\u2013 F\u00f6rhoppningsvis blir n\u00e4sta steg att jag f\u00e5r ett samtal om att hon hittats och att jag kan flyga dit och h\u00e4mta barnen, s\u00e4ger han.<\/p>\n<p class=\"hyperion-css-1v9qo5x\">\u2013 Jag hoppas att de hittas snabbt och att jag och min f\u00e4stm\u00f6 kan h\u00e4mta barnen n\u00e4r de fortfarande tror att de \u00e4r p\u00e5 semester.<\/p>\n<p class=\"hyperion-css-1v9qo5x\">\u00c4n s\u00e5 l\u00e4nge finns inga sp\u00e5r efter Elleshia Seymour och barnen.  <\/p>\n","protected":false},"excerpt":{"rendered":"share-arrowDela unsaveSpara expand-left helsk\u00e4rmF\u00f6r Elleshia Seymours exmake Kendall Seymour kom kidnappningen och f\u00f6rsvinnandet som en chock. Foto: Go&hellip;\n","protected":false},"author":2,"featured_media":120331,"comment_status":"","ping_status":"","sticky":false,"template":"","format":"standard","meta":{"footnotes":""},"categories":[14],"tags":[22,23,26,27,17,21,24,25,28,29,15,16,18,34,31,33,32,30,19,20,51,52,53,54],"class_list":{"0":"post-120330","1":"post","2":"type-post","3":"status-publish","4":"format-standard","5":"has-post-thumbnail","7":"category-varlden","8":"tag-breaking-news","9":"tag-breakingnews","10":"tag-featured-news","11":"tag-featurednews","12":"tag-headlines","13":"tag-huvudnyheter","14":"tag-latest-news","15":"tag-latestnews","16":"tag-main-news","17":"tag-mainnews","18":"tag-news","19":"tag-nyheter","20":"tag-rubriker","21":"tag-se","22":"tag-svenska","23":"tag-sverige","24":"tag-sweden","25":"tag-swedish","26":"tag-top-stories","27":"tag-topstories","28":"tag-varlden","29":"tag-world","30":"tag-world-news","31":"tag-worldnews"},"share_on_mastodon":{"url":"https:\/\/pubeurope.com\/@se\/115805497782350522","error":""},"_links":{"self":[{"href":"https:\/\/www.europesays.com\/se\/wp-json\/wp\/v2\/posts\/120330","targetHints":{"allow":["GET"]}}],"collection":[{"href":"https:\/\/www.europesays.com\/se\/wp-json\/wp\/v2\/posts"}],"about":[{"href":"https:\/\/www.europesays.com\/se\/wp-json\/wp\/v2\/types\/post"}],"author":[{"embeddable":true,"href":"https:\/\/www.europesays.com\/se\/wp-json\/wp\/v2\/users\/2"}],"replies":[{"embeddable":true,"href":"https:\/\/www.europesays.com\/se\/wp-json\/wp\/v2\/comments?post=120330"}],"version-history":[{"count":0,"href":"https:\/\/www.europesays.com\/se\/wp-json\/wp\/v2\/posts\/120330\/revisions"}],"wp:featuredmedia":[{"embeddable":true,"href":"https:\/\/www.europesays.com\/se\/wp-json\/wp\/v2\/media\/120331"}],"wp:attachment":[{"href":"https:\/\/www.europesays.com\/se\/wp-json\/wp\/v2\/media?parent=120330"}],"wp:term":[{"taxonomy":"category","embeddable":true,"href":"https:\/\/www.europesays.com\/se\/wp-json\/wp\/v2\/categories?post=120330"},{"taxonomy":"post_tag","embeddable":true,"href":"https:\/\/www.europesays.com\/se\/wp-json\/wp\/v2\/tags?post=120330"}],"curies":[{"name":"wp","href":"https:\/\/api.w.org\/{rel}","templated":true}]}}