{"id":120332,"date":"2025-12-29T23:40:07","date_gmt":"2025-12-29T23:40:07","guid":{"rendered":"https:\/\/www.europesays.com\/se\/120332\/"},"modified":"2025-12-29T23:40:07","modified_gmt":"2025-12-29T23:40:07","slug":"fyrverkerier-skots-mot-inglasad-balkong-utryckning-i-centrum","status":"publish","type":"post","link":"https:\/\/www.europesays.com\/se\/120332\/","title":{"rendered":"Fyrverkerier sk\u00f6ts mot inglasad balkong \u2013 utryckning i centrum"},"content":{"rendered":"<p>Det larmades 22.23 under m\u00e5ndagskv\u00e4llen om en l\u00e4genhetsbrand i byggnad p\u00e5 J\u00f6ren V\u00e4vares gata i Eskilstuna. N\u00e5gon hade t\u00e4nt p\u00e5 fyrverkerier och de hamnade i en inglasad balkong.\u00a0R\u00e4ddningstj\u00e4nsten \u00e5kte ut men boende hann sl\u00e4cka ner efter att det uppst\u00e5tt en mindre brand. Efter en kontroll kunde r\u00e4ddningspersonalen l\u00e4mna kring 22.40 och det uppstod ingen spridning till l<\/p>\n","protected":false},"excerpt":{"rendered":"Det larmades 22.23 under m\u00e5ndagskv\u00e4llen om en l\u00e4genhetsbrand i byggnad p\u00e5 J\u00f6ren V\u00e4vares gata i Eskilstuna. N\u00e5gon hade&hellip;\n","protected":false},"author":2,"featured_media":120333,"comment_status":"","ping_status":"","sticky":false,"template":"","format":"standard","meta":{"footnotes":""},"categories":[12],"tags":[22,23,26,27,17,21,24,25,28,29,15,16,18,34,31,33,32,30,19,20],"class_list":{"0":"post-120332","1":"post","2":"type-post","3":"status-publish","4":"format-standard","5":"has-post-thumbnail","7":"category-sverige","8":"tag-breaking-news","9":"tag-breakingnews","10":"tag-featured-news","11":"tag-featurednews","12":"tag-headlines","13":"tag-huvudnyheter","14":"tag-latest-news","15":"tag-latestnews","16":"tag-main-news","17":"tag-mainnews","18":"tag-news","19":"tag-nyheter","20":"tag-rubriker","21":"tag-se","22":"tag-svenska","23":"tag-sverige","24":"tag-sweden","25":"tag-swedish","26":"tag-top-stories","27":"tag-topstories"},"share_on_mastodon":{"url":"https:\/\/pubeurope.com\/@se\/115805501649443306","error":""},"_links":{"self":[{"href":"https:\/\/www.europesays.com\/se\/wp-json\/wp\/v2\/posts\/120332","targetHints":{"allow":["GET"]}}],"collection":[{"href":"https:\/\/www.europesays.com\/se\/wp-json\/wp\/v2\/posts"}],"about":[{"href":"https:\/\/www.europesays.com\/se\/wp-json\/wp\/v2\/types\/post"}],"author":[{"embeddable":true,"href":"https:\/\/www.europesays.com\/se\/wp-json\/wp\/v2\/users\/2"}],"replies":[{"embeddable":true,"href":"https:\/\/www.europesays.com\/se\/wp-json\/wp\/v2\/comments?post=120332"}],"version-history":[{"count":0,"href":"https:\/\/www.europesays.com\/se\/wp-json\/wp\/v2\/posts\/120332\/revisions"}],"wp:featuredmedia":[{"embeddable":true,"href":"https:\/\/www.europesays.com\/se\/wp-json\/wp\/v2\/media\/120333"}],"wp:attachment":[{"href":"https:\/\/www.europesays.com\/se\/wp-json\/wp\/v2\/media?parent=120332"}],"wp:term":[{"taxonomy":"category","embeddable":true,"href":"https:\/\/www.europesays.com\/se\/wp-json\/wp\/v2\/categories?post=120332"},{"taxonomy":"post_tag","embeddable":true,"href":"https:\/\/www.europesays.com\/se\/wp-json\/wp\/v2\/tags?post=120332"}],"curies":[{"name":"wp","href":"https:\/\/api.w.org\/{rel}","templated":true}]}}