{"id":120334,"date":"2025-12-29T23:47:26","date_gmt":"2025-12-29T23:47:26","guid":{"rendered":"https:\/\/www.europesays.com\/se\/120334\/"},"modified":"2025-12-29T23:47:26","modified_gmt":"2025-12-29T23:47:26","slug":"mangder-av-utryckningar-pa-grund-av-skyfall","status":"publish","type":"post","link":"https:\/\/www.europesays.com\/se\/120334\/","title":{"rendered":"M\u00e4ngder av utryckningar p\u00e5 grund av skyfall"},"content":{"rendered":"<p class=\"rubrik4 ingress article-body\">COSTA DEL SOL Myndigheterna aktiverade p\u00e5 l\u00f6rdagskv\u00e4llen den h\u00f6gsta varningsniv\u00e5n och skickade ut n\u00f6dmeddelanden till inv\u00e5narnas telefoner efter att kraftiga skyfall drabbat M\u00e1lagaprovinsen. Ov\u00e4dret har orsakat \u00f6ver 50 incidenter och tvingat till v\u00e4gavst\u00e4ngningar p\u00e5 grund av jordskred och \u00f6versv\u00e4mningar.<\/p>\n<p class=\"text\">Regionstyret i Andalusien aktiverade det civila varningssystemet ES-Alert klockan 21.16 och skickade ut n\u00f6dmeddelanden till mobiltelefoner i 27 kommuner med uppmaningen att undvika on\u00f6diga resor. Beslutet fattades efter att v\u00e4dermyndigheten Aemet h\u00f6jt varningsniv\u00e5n till r\u00f6d p\u00e5 grund av risken f\u00f6r extrema regnm\u00e4ngder och stormar, skriver <a href=\"https:\/\/www.laopiniondemalaga.es\/malaga\/2025\/12\/27\/avisos-112-temporal-malaga-anegaciones-corte-a397-125184092.html\" target=\"_blank\" rel=\"nofollow noopener\">La Opini\u00f3n de M\u00e1laga<\/a>.&#13;<\/p>\n<p>Under l\u00f6rdagen hanterade n\u00f6dnumret 112 sammanlagt 54 incidenter kopplade till ov\u00e4dret. Marbella var den h\u00e5rdast drabbade kommunen med \u00f6ver 20 larm om \u00f6versv\u00e4mmade gator, bost\u00e4der och k\u00e4llarlokaler. Stormen har \u00e4ven f\u00e4llt tr\u00e4d och slitit loss markiser och skyltar, men hittills har inga personskador rapporterats.&#13;<\/p>\n<p>Trafiken har p\u00e5verkats kraftigt p\u00e5 flera h\u00e5ll. I Benahav\u00eds tvingades v\u00e4g A-397 st\u00e4ngas av helt i b\u00e5da riktningarna efter ett jordskred i kombination med hagel, vilket skar av en viktig f\u00f6rbindelseled till bergsomr\u00e5det Serran\u00eda de Ronda. \u00c4ven v\u00e4g MA-5401 vid Casarabonela blockerades av fallna furutr\u00e4d. Flera kommuner, d\u00e4ribland Estepona och Fuengirola, har aktiverat sina lokala n\u00f6dplaner f\u00f6r att snabbt kunna samordna resurserna.<\/p>\n","protected":false},"excerpt":{"rendered":"COSTA DEL SOL Myndigheterna aktiverade p\u00e5 l\u00f6rdagskv\u00e4llen den h\u00f6gsta varningsniv\u00e5n och skickade ut n\u00f6dmeddelanden till inv\u00e5narnas telefoner efter&hellip;\n","protected":false},"author":2,"featured_media":120335,"comment_status":"","ping_status":"","sticky":false,"template":"","format":"standard","meta":{"footnotes":""},"categories":[14],"tags":[5209,22,23,1051,26,27,12810,17,21,24,25,12808,28,29,15,16,12395,18,34,4334,691,31,33,32,30,1050,1059,19,20,12809,51,52,53,54],"class_list":{"0":"post-120334","1":"post","2":"type-post","3":"status-publish","4":"format-standard","5":"has-post-thumbnail","7":"category-varlden","8":"tag-av","9":"tag-breaking-news","10":"tag-breakingnews","11":"tag-costa-del-sol","12":"tag-featured-news","13":"tag-featurednews","14":"tag-grund","15":"tag-headlines","16":"tag-huvudnyheter","17":"tag-latest-news","18":"tag-latestnews","19":"tag-mngder","20":"tag-main-news","21":"tag-mainnews","22":"tag-news","23":"tag-nyheter","24":"tag-p","25":"tag-rubriker","26":"tag-se","27":"tag-skyfall","28":"tag-spanien","29":"tag-svenska","30":"tag-sverige","31":"tag-sweden","32":"tag-swedish","33":"tag-sydkusten","34":"tag-sydkusten-es","35":"tag-top-stories","36":"tag-topstories","37":"tag-utryckningar","38":"tag-varlden","39":"tag-world","40":"tag-world-news","41":"tag-worldnews"},"share_on_mastodon":{"url":"https:\/\/pubeurope.com\/@se\/115805529239440566","error":""},"_links":{"self":[{"href":"https:\/\/www.europesays.com\/se\/wp-json\/wp\/v2\/posts\/120334","targetHints":{"allow":["GET"]}}],"collection":[{"href":"https:\/\/www.europesays.com\/se\/wp-json\/wp\/v2\/posts"}],"about":[{"href":"https:\/\/www.europesays.com\/se\/wp-json\/wp\/v2\/types\/post"}],"author":[{"embeddable":true,"href":"https:\/\/www.europesays.com\/se\/wp-json\/wp\/v2\/users\/2"}],"replies":[{"embeddable":true,"href":"https:\/\/www.europesays.com\/se\/wp-json\/wp\/v2\/comments?post=120334"}],"version-history":[{"count":0,"href":"https:\/\/www.europesays.com\/se\/wp-json\/wp\/v2\/posts\/120334\/revisions"}],"wp:featuredmedia":[{"embeddable":true,"href":"https:\/\/www.europesays.com\/se\/wp-json\/wp\/v2\/media\/120335"}],"wp:attachment":[{"href":"https:\/\/www.europesays.com\/se\/wp-json\/wp\/v2\/media?parent=120334"}],"wp:term":[{"taxonomy":"category","embeddable":true,"href":"https:\/\/www.europesays.com\/se\/wp-json\/wp\/v2\/categories?post=120334"},{"taxonomy":"post_tag","embeddable":true,"href":"https:\/\/www.europesays.com\/se\/wp-json\/wp\/v2\/tags?post=120334"}],"curies":[{"name":"wp","href":"https:\/\/api.w.org\/{rel}","templated":true}]}}