{"id":120336,"date":"2025-12-29T23:48:07","date_gmt":"2025-12-29T23:48:07","guid":{"rendered":"https:\/\/www.europesays.com\/se\/120336\/"},"modified":"2025-12-29T23:48:07","modified_gmt":"2025-12-29T23:48:07","slug":"polislarm-om-fyrverkerier-i-vasastaden","status":"publish","type":"post","link":"https:\/\/www.europesays.com\/se\/120336\/","title":{"rendered":"Polislarm om fyrverkerier i Vasastaden"},"content":{"rendered":"<p>Under kv\u00e4llen larmades polisen b\u00e5de till centrala delar av Link\u00f6ping och till bland annat Ljungsbro, Ryd och Sk\u00e4ggetorp. Fyrverkerier h\u00f6rs \u00f6verallt och polisen kan inte peka ut s\u00e4rskilda omr\u00e5den.\u2013 Vi har f\u00e5tt in hur m\u00e5nga larm som helst om fyrverkerier och sm\u00e4llare i hela l\u00e4net. Det \u00e4r \u00f6verallt och vi kan inte \u00e5ka p\u00e5 alla, det \u00e4r bekymmersamt, s\u00e4ger Mats Pettersson.Ef<\/p>\n","protected":false},"excerpt":{"rendered":"Under kv\u00e4llen larmades polisen b\u00e5de till centrala delar av Link\u00f6ping och till bland annat Ljungsbro, Ryd och Sk\u00e4ggetorp.&hellip;\n","protected":false},"author":2,"featured_media":120337,"comment_status":"","ping_status":"","sticky":false,"template":"","format":"standard","meta":{"footnotes":""},"categories":[12],"tags":[22,23,26,27,17,21,24,25,28,29,15,16,18,34,31,33,32,30,19,20],"class_list":{"0":"post-120336","1":"post","2":"type-post","3":"status-publish","4":"format-standard","5":"has-post-thumbnail","7":"category-sverige","8":"tag-breaking-news","9":"tag-breakingnews","10":"tag-featured-news","11":"tag-featurednews","12":"tag-headlines","13":"tag-huvudnyheter","14":"tag-latest-news","15":"tag-latestnews","16":"tag-main-news","17":"tag-mainnews","18":"tag-news","19":"tag-nyheter","20":"tag-rubriker","21":"tag-se","22":"tag-svenska","23":"tag-sverige","24":"tag-sweden","25":"tag-swedish","26":"tag-top-stories","27":"tag-topstories"},"share_on_mastodon":{"url":"https:\/\/pubeurope.com\/@se\/115805533147145164","error":""},"_links":{"self":[{"href":"https:\/\/www.europesays.com\/se\/wp-json\/wp\/v2\/posts\/120336","targetHints":{"allow":["GET"]}}],"collection":[{"href":"https:\/\/www.europesays.com\/se\/wp-json\/wp\/v2\/posts"}],"about":[{"href":"https:\/\/www.europesays.com\/se\/wp-json\/wp\/v2\/types\/post"}],"author":[{"embeddable":true,"href":"https:\/\/www.europesays.com\/se\/wp-json\/wp\/v2\/users\/2"}],"replies":[{"embeddable":true,"href":"https:\/\/www.europesays.com\/se\/wp-json\/wp\/v2\/comments?post=120336"}],"version-history":[{"count":0,"href":"https:\/\/www.europesays.com\/se\/wp-json\/wp\/v2\/posts\/120336\/revisions"}],"wp:featuredmedia":[{"embeddable":true,"href":"https:\/\/www.europesays.com\/se\/wp-json\/wp\/v2\/media\/120337"}],"wp:attachment":[{"href":"https:\/\/www.europesays.com\/se\/wp-json\/wp\/v2\/media?parent=120336"}],"wp:term":[{"taxonomy":"category","embeddable":true,"href":"https:\/\/www.europesays.com\/se\/wp-json\/wp\/v2\/categories?post=120336"},{"taxonomy":"post_tag","embeddable":true,"href":"https:\/\/www.europesays.com\/se\/wp-json\/wp\/v2\/tags?post=120336"}],"curies":[{"name":"wp","href":"https:\/\/api.w.org\/{rel}","templated":true}]}}