{"id":120338,"date":"2025-12-29T23:51:13","date_gmt":"2025-12-29T23:51:13","guid":{"rendered":"https:\/\/www.europesays.com\/se\/120338\/"},"modified":"2025-12-29T23:51:13","modified_gmt":"2025-12-29T23:51:13","slug":"domarchefen-svarar-pa-frolundas-kritik-det-sager-alla-lag","status":"publish","type":"post","link":"https:\/\/www.europesays.com\/se\/120338\/","title":{"rendered":"Domarchefen svarar p\u00e5 Fr\u00f6lundas kritik: &#8221;Det s\u00e4ger alla lag&#8221;"},"content":{"rendered":"<p><strong><a href=\"https:\/\/hockeysverige.se\/klubb\/frolunda-hc\" rel=\"nofollow noopener\" target=\"_blank\">Fr\u00f6lunda<\/a> har varit kritiska mot bristen p\u00e5 powerplay. <br \/>Nu svarar <a href=\"https:\/\/hockeysverige.se\/shl\" rel=\"nofollow noopener\" target=\"_blank\">SHL<\/a>:s domarchef Tomas Thorsbrink. <br \/>\u2013 Det s\u00e4ger alla lag, s\u00e4ger Thorsbrink till <a href=\"https:\/\/www.gp.se\/sport\/ishockey\/frolunda\/domarchefen-tomas-thorsbrinks-svar-efter-frolundas-kritik-mot-konkurrenterna.8176f052-95e8-41ca-b3ae-eab855770e14\" rel=\"nofollow noopener\" target=\"_blank\">G\u00f6teborgs-Posten<\/a>. <\/strong><\/p>\n<p><img loading=\"lazy\" decoding=\"async\" width=\"1024\" height=\"658\" src=\"https:\/\/www.europesays.com\/se\/wp-content\/uploads\/2025\/12\/Thorsbrink-Frolunda-1024x658.webp.webp\" alt=\"Tomas Thorsbrink. Fr\u00f6lunda.\" class=\"wp-image-340143\"  \/>Tomas Thorsbrink svarar efter Fr\u00f6lundas kritik \u00f6ver bristen p\u00e5 powerplays. <strong>Foto:<\/strong> Bildbyr\u00e5n (Montage)<\/p>\n<p>Fr\u00f6lunda leder SHL i \u00f6verl\u00e4gsen stil. Men trots att de ofta har spel\u00f6vertaget i matcherna och har mycket puck \u00e4r Fr\u00f6lunda det laget som har f\u00e5tt minst antal chanser i powerplay. Fr\u00f6lundas 60 PP-tillf\u00e4llen p\u00e5 29 matcher \u00e4r f\u00e4rst i SHL, j\u00e4mf\u00f6rt med de \u00f6vriga topplagen <a href=\"https:\/\/hockeysverige.se\/klubb\/skelleftea-aik\" rel=\"nofollow noopener\" target=\"_blank\">Skellefte\u00e5<\/a> och <a href=\"https:\/\/hockeysverige.se\/klubb\/rogle-bk\" rel=\"nofollow noopener\" target=\"_blank\">R\u00f6gle<\/a> som har f\u00e5tt 98 respektive 90 chanser i powerplay den h\u00e4r s\u00e4songen. <\/p>\n<p>Under s\u00e4songen har Fr\u00f6lunda varit kritiska mot att de inte f\u00e5r m\u00e5nga utvisningar med sig. Nu svarar SHL:s domarchef Tomas Thorsbrink. <\/p>\n<p>\u2013 Med statistik kan man bevisa allting. F\u00f6r oss \u00e4r det viktigt att vi tittar p\u00e5 varje enskild h\u00e4ndelse, inte statistik som hur mycket man har puck eller s\u00e5dana saker. Vi f\u00f6ljer mer det och ser till att de f\u00f6rseelser som ska med ska med. Sen vet ju alla, \u00e4ven vi, att varje match \u00e4r det s\u00e4kert n\u00e5gon ytterligare utvisning som ska med f\u00f6r alla lag. Sen f\u00e5r man ocks\u00e5 t\u00e4nka p\u00e5 hur lagen spelar och s\u00e5dana saker. Statistiken s\u00e4ger n\u00e5gonting, men den \u00e4r inte fullst\u00e4ndig, s\u00e4ger Thorsbrink till G\u00f6teborgs-Posten. <\/p>\n<p>Tomas Thorsbrink svarar Fr\u00f6lunda: \u201dVi har ett problem med filmningar\u201d<\/p>\n<p>Fr\u00f6lunda har framf\u00f6r allt varit kritiska mot att andra lag filmar och f\u00f6rst\u00e4rker i flera situationer. Sj\u00e4lva anser Fr\u00f6lunda d\u00e4remot att de inte filmar och d\u00e4rf\u00f6r f\u00e5r de inte heller med sig lika m\u00e5nga utvisningar j\u00e4mf\u00f6rt med andra lag som har en f\u00f6rst\u00e4rkande kultur. <\/p>\n<p>Thomas Thorsbrink viftar dock bort den f\u00f6rklaringen. <\/p>\n<p>\u2013 Nej, det s\u00e4ger alla lag. D\u00e4remot kan jag s\u00e4ga att vi har ett problem med filmningar och f\u00f6rst\u00e4rkningar i v\u00e5r liga. H\u00e4r m\u00e5ste lagen ta tag i det sj\u00e4lva. Det \u00e4r j\u00e4ttesv\u00e5rt f\u00f6r domaren, det g\u00e5r j\u00e4ttefort n\u00e4r man ska se om det \u00e4r en f\u00f6rst\u00e4rkning eller inte. Vissa g\u00e5nger \u00e4r det inte en f\u00f6rst\u00e4rkning. Det kan vara en klubba som kommer upp mot ansiktet och man ryggar tillbaka. Det \u00e4r en ren reflex och det \u00e4r j\u00e4ttebra att de reflexerna finns. Sen \u00e4r det andra h\u00e4ndelser n\u00e4r man l\u00e4gger sig ner och h\u00e5ller sig f\u00f6r ansiktet och s\u00e5na saker trots att klubban inte tog d\u00e4r, s\u00e4ger han och till\u00e4gger:<br \/>\u2013 Att det finns ett problem med filmningar: Ja. Men n\u00e4r jag pratar med lag tycker man alltid att det \u00e4r ett problem, men oftast i andra lag.<\/p>\n<p>Fr\u00f6lunda har varit \u00f6verl\u00e4gsna i SHL s\u00e5 h\u00e4r l\u00e5ngt med 25 vinster och 72 po\u00e4ng p\u00e5 29 matcher s\u00e5 h\u00e4r l\u00e5ngt. De leder just nu SHL med hela 15 po\u00e4ng ner till tv\u00e5an Skellefte\u00e5. <\/p>\n<p> Source: <a href=\"https:\/\/www.eliteprospects.com\/league\/shl\" target=\"_blank\" rel=\"noopener noreferrer nofollow\">SHL League Page<\/a> @ Elite Prospects<\/p>\n","protected":false},"excerpt":{"rendered":"Fr\u00f6lunda har varit kritiska mot bristen p\u00e5 powerplay. Nu svarar SHL:s domarchef Tomas Thorsbrink. \u2013 Det s\u00e4ger alla&hellip;\n","protected":false},"author":2,"featured_media":120339,"comment_status":"","ping_status":"","sticky":false,"template":"","format":"standard","meta":{"footnotes":""},"categories":[68],"tags":[34,133,134,111,110,31,33,32,30],"class_list":{"0":"post-120338","1":"post","2":"type-post","3":"status-publish","4":"format-standard","5":"has-post-thumbnail","7":"category-sport","8":"tag-se","9":"tag-second-news","10":"tag-shl","11":"tag-sport","12":"tag-sports","13":"tag-svenska","14":"tag-sverige","15":"tag-sweden","16":"tag-swedish"},"share_on_mastodon":{"url":"https:\/\/pubeurope.com\/@se\/115805544953309448","error":""},"_links":{"self":[{"href":"https:\/\/www.europesays.com\/se\/wp-json\/wp\/v2\/posts\/120338","targetHints":{"allow":["GET"]}}],"collection":[{"href":"https:\/\/www.europesays.com\/se\/wp-json\/wp\/v2\/posts"}],"about":[{"href":"https:\/\/www.europesays.com\/se\/wp-json\/wp\/v2\/types\/post"}],"author":[{"embeddable":true,"href":"https:\/\/www.europesays.com\/se\/wp-json\/wp\/v2\/users\/2"}],"replies":[{"embeddable":true,"href":"https:\/\/www.europesays.com\/se\/wp-json\/wp\/v2\/comments?post=120338"}],"version-history":[{"count":0,"href":"https:\/\/www.europesays.com\/se\/wp-json\/wp\/v2\/posts\/120338\/revisions"}],"wp:featuredmedia":[{"embeddable":true,"href":"https:\/\/www.europesays.com\/se\/wp-json\/wp\/v2\/media\/120339"}],"wp:attachment":[{"href":"https:\/\/www.europesays.com\/se\/wp-json\/wp\/v2\/media?parent=120338"}],"wp:term":[{"taxonomy":"category","embeddable":true,"href":"https:\/\/www.europesays.com\/se\/wp-json\/wp\/v2\/categories?post=120338"},{"taxonomy":"post_tag","embeddable":true,"href":"https:\/\/www.europesays.com\/se\/wp-json\/wp\/v2\/tags?post=120338"}],"curies":[{"name":"wp","href":"https:\/\/api.w.org\/{rel}","templated":true}]}}