{"id":120342,"date":"2025-12-29T23:58:08","date_gmt":"2025-12-29T23:58:08","guid":{"rendered":"https:\/\/www.europesays.com\/se\/120342\/"},"modified":"2025-12-29T23:58:08","modified_gmt":"2025-12-29T23:58:08","slug":"manga-barn-kan-inte-ata-sig-matta-hemma","status":"publish","type":"post","link":"https:\/\/www.europesays.com\/se\/120342\/","title":{"rendered":"\u201dM\u00e5nga barn kan inte \u00e4ta sig m\u00e4tta hemma\u201d"},"content":{"rendered":"<p>Elever \u00e4ter fler portioner \u00e4n tidigare under skollunchen, och behovet \u00e4r stort alla dagar i veckan \u2013 inte bara innan och efter helger. Det rapporterar skolm\u00e5ltidspersonal runt om i landet.<\/p>\n<p>\u201dDet g\u00e5r \u00e5t mer mat \u00f6verhuvudtaget. M\u00e5nga barn har inte m\u00f6jlighet att \u00e4ta sig m\u00e4tta hemma\u201d, s\u00e4ger Ylva Odenbring, professor i pedagogik vid G\u00f6teborgs universitet i ett pressmeddelande.<\/p>\n","protected":false},"excerpt":{"rendered":"Elever \u00e4ter fler portioner \u00e4n tidigare under skollunchen, och behovet \u00e4r stort alla dagar i veckan \u2013 inte&hellip;\n","protected":false},"author":2,"featured_media":120343,"comment_status":"","ping_status":"","sticky":false,"template":"","format":"standard","meta":{"footnotes":""},"categories":[5],"tags":[22,23,26,27,17,21,24,25,28,29,15,16,18,34,31,33,32,30,19,20],"class_list":{"0":"post-120342","1":"post","2":"type-post","3":"status-publish","4":"format-standard","5":"has-post-thumbnail","7":"category-rubriker","8":"tag-breaking-news","9":"tag-breakingnews","10":"tag-featured-news","11":"tag-featurednews","12":"tag-headlines","13":"tag-huvudnyheter","14":"tag-latest-news","15":"tag-latestnews","16":"tag-main-news","17":"tag-mainnews","18":"tag-news","19":"tag-nyheter","20":"tag-rubriker","21":"tag-se","22":"tag-svenska","23":"tag-sverige","24":"tag-sweden","25":"tag-swedish","26":"tag-top-stories","27":"tag-topstories"},"share_on_mastodon":{"url":"https:\/\/pubeurope.com\/@se\/115805572484687384","error":""},"_links":{"self":[{"href":"https:\/\/www.europesays.com\/se\/wp-json\/wp\/v2\/posts\/120342","targetHints":{"allow":["GET"]}}],"collection":[{"href":"https:\/\/www.europesays.com\/se\/wp-json\/wp\/v2\/posts"}],"about":[{"href":"https:\/\/www.europesays.com\/se\/wp-json\/wp\/v2\/types\/post"}],"author":[{"embeddable":true,"href":"https:\/\/www.europesays.com\/se\/wp-json\/wp\/v2\/users\/2"}],"replies":[{"embeddable":true,"href":"https:\/\/www.europesays.com\/se\/wp-json\/wp\/v2\/comments?post=120342"}],"version-history":[{"count":0,"href":"https:\/\/www.europesays.com\/se\/wp-json\/wp\/v2\/posts\/120342\/revisions"}],"wp:featuredmedia":[{"embeddable":true,"href":"https:\/\/www.europesays.com\/se\/wp-json\/wp\/v2\/media\/120343"}],"wp:attachment":[{"href":"https:\/\/www.europesays.com\/se\/wp-json\/wp\/v2\/media?parent=120342"}],"wp:term":[{"taxonomy":"category","embeddable":true,"href":"https:\/\/www.europesays.com\/se\/wp-json\/wp\/v2\/categories?post=120342"},{"taxonomy":"post_tag","embeddable":true,"href":"https:\/\/www.europesays.com\/se\/wp-json\/wp\/v2\/tags?post=120342"}],"curies":[{"name":"wp","href":"https:\/\/api.w.org\/{rel}","templated":true}]}}