{"id":120351,"date":"2025-12-30T00:22:13","date_gmt":"2025-12-30T00:22:13","guid":{"rendered":"https:\/\/www.europesays.com\/se\/120351\/"},"modified":"2025-12-30T00:22:13","modified_gmt":"2025-12-30T00:22:13","slug":"avc-i-mjolby-byggs-om-till-modern-mottagning","status":"publish","type":"post","link":"https:\/\/www.europesays.com\/se\/120351\/","title":{"rendered":"\u00c5VC i Mj\u00f6lby byggs om till modern mottagning"},"content":{"rendered":"<p>\u2013 Det kommer att bli n\u00e5gra \u00e5r av provisorium efter att vi placerat ut de nya dubbla tunnorna i november\u2013december 2026, s\u00e4ger Marita H\u00f6rsing, VA- och avfallschef i Mj\u00f6lby.\u00a0Hulje \u00e5tervinningscentral (\u00c5VC) st\u00e5r inf\u00f6r en omfattande ombyggnad. F\u00f6r medborgarnas r\u00e4kning blir det en helt ny upplevelse att l\u00e4mna skrymmande avfall. En upph\u00f6jd och flerfilig ramp d\u00e4r bes\u00f6karna k\u00f6<\/p>\n","protected":false},"excerpt":{"rendered":"\u2013 Det kommer att bli n\u00e5gra \u00e5r av provisorium efter att vi placerat ut de nya dubbla tunnorna&hellip;\n","protected":false},"author":2,"featured_media":120352,"comment_status":"","ping_status":"","sticky":false,"template":"","format":"standard","meta":{"footnotes":""},"categories":[12],"tags":[22,23,26,27,17,21,24,25,28,29,15,16,18,34,31,33,32,30,19,20],"class_list":{"0":"post-120351","1":"post","2":"type-post","3":"status-publish","4":"format-standard","5":"has-post-thumbnail","7":"category-sverige","8":"tag-breaking-news","9":"tag-breakingnews","10":"tag-featured-news","11":"tag-featurednews","12":"tag-headlines","13":"tag-huvudnyheter","14":"tag-latest-news","15":"tag-latestnews","16":"tag-main-news","17":"tag-mainnews","18":"tag-news","19":"tag-nyheter","20":"tag-rubriker","21":"tag-se","22":"tag-svenska","23":"tag-sverige","24":"tag-sweden","25":"tag-swedish","26":"tag-top-stories","27":"tag-topstories"},"share_on_mastodon":{"url":"https:\/\/pubeurope.com\/@se\/115805666838634307","error":""},"_links":{"self":[{"href":"https:\/\/www.europesays.com\/se\/wp-json\/wp\/v2\/posts\/120351","targetHints":{"allow":["GET"]}}],"collection":[{"href":"https:\/\/www.europesays.com\/se\/wp-json\/wp\/v2\/posts"}],"about":[{"href":"https:\/\/www.europesays.com\/se\/wp-json\/wp\/v2\/types\/post"}],"author":[{"embeddable":true,"href":"https:\/\/www.europesays.com\/se\/wp-json\/wp\/v2\/users\/2"}],"replies":[{"embeddable":true,"href":"https:\/\/www.europesays.com\/se\/wp-json\/wp\/v2\/comments?post=120351"}],"version-history":[{"count":0,"href":"https:\/\/www.europesays.com\/se\/wp-json\/wp\/v2\/posts\/120351\/revisions"}],"wp:featuredmedia":[{"embeddable":true,"href":"https:\/\/www.europesays.com\/se\/wp-json\/wp\/v2\/media\/120352"}],"wp:attachment":[{"href":"https:\/\/www.europesays.com\/se\/wp-json\/wp\/v2\/media?parent=120351"}],"wp:term":[{"taxonomy":"category","embeddable":true,"href":"https:\/\/www.europesays.com\/se\/wp-json\/wp\/v2\/categories?post=120351"},{"taxonomy":"post_tag","embeddable":true,"href":"https:\/\/www.europesays.com\/se\/wp-json\/wp\/v2\/tags?post=120351"}],"curies":[{"name":"wp","href":"https:\/\/api.w.org\/{rel}","templated":true}]}}