{"id":120353,"date":"2025-12-30T00:30:23","date_gmt":"2025-12-30T00:30:23","guid":{"rendered":"https:\/\/www.europesays.com\/se\/120353\/"},"modified":"2025-12-30T00:30:23","modified_gmt":"2025-12-30T00:30:23","slug":"vem-ser-egentligen-patienten-har-lakartidningen","status":"publish","type":"post","link":"https:\/\/www.europesays.com\/se\/120353\/","title":{"rendered":"\u00bbVem ser egentligen patienten h\u00e4r?\u00ab \u2013 L\u00e4kartidningen"},"content":{"rendered":"<dl class=\"SignatureList-list\" role=\"list\">\n<p><dt class=\"SignatureList-name\">Jesper Celander<\/dt>\n<dd class=\"SignatureList-title\">AT-l\u00e4kare, NU-sjukv\u00e5rden; doktorand, G\u00f6teborgs universitet<\/dd>\n<\/p>\n<\/dl>\n<p>\t\t\t\t<img alt=\"\" class=\"MediaWrapper-content BodyImage-imageObject\" src=\"https:\/\/www.europesays.com\/se\/wp-content\/uploads\/2025\/12\/jesper-celander.jpg\" data-lazy-load-target=\"content\" width=\"640\" height=\"426\" loading=\"lazy\" decoding=\"async\" fetchpriority=\"auto\"\/><\/p>\n<p>\u00bbSpegel, spegel p\u00e5 v\u00e4ggen d\u00e4r, s\u00e4g mig vem som vackrast i landet \u00e4r.\u00ab<\/p>\n<p>\n\t\tAnnons\t\t\t<\/p>\n<p>\t\t<a href=\"https:\/\/karriar.aleris.se\/jobs\/6934715-specialistlakare-till-aleris-asih-sodertalje-huddinge\" data-ad-target=\"link\" class=\"Ad-content\" rel=\"sponsored nofollow noopener\" target=\"_blank\"><\/p>\n<p>\t\t\t\t<img alt=\"Annons\" class=\"MediaWrapper-content Ad-image\" src=\"https:\/\/www.europesays.com\/se\/wp-content\/uploads\/2025\/12\/1767054623_941_banner1404x720.jpg\" data-lazy-load-target=\"content\" width=\"468\" height=\"240\" loading=\"lazy\" decoding=\"async\" fetchpriority=\"auto\"\/><\/p>\n<p>\t\t<\/a><\/p>\n<p>Ja, ibland k\u00e4nns det snarare som: \u00bbSpegel, spegel p\u00e5 v\u00e4ggen d\u00e4r, s\u00e4g mig vem som mest ansvarsbefriad \u00e4r.\u00ab<\/p>\n<p>F\u00f6r patienten med diffusa symtom har spelet redan b\u00f6rjat. Allm\u00e4nl\u00e4karen skickar till medicin. Medicin skickar till neurologen. Neurologen f\u00f6resl\u00e5r psykiatri, som f\u00f6resl\u00e5r att patienten kanske borde \u00e5terg\u00e5 till sin allm\u00e4nl\u00e4kare. Och d\u00e4r st\u00e5r vi alla, framf\u00f6r v\u00e5ra respektive speglar \u2013 tryggt f\u00f6rankrade i v\u00e5ra egna perspektiv.<\/p>\n<p>\u00bbSpegel, spegel p\u00e5 v\u00e4ggen d\u00e4r, s\u00e4g mig vem som mest kompetent \u00e4r.\u00ab<\/p>\n<p>\n\t\tAnnons\t\t\t<\/p>\n<p>\t\t<a href=\"https:\/\/lakartidningen.se\/lakartidningen-soker-reporter-med-fokus-pa-vetenskapsrapportering\/\" data-ad-target=\"link\" class=\"Ad-content\" rel=\"sponsored nofollow noopener\" target=\"_blank\"><\/p>\n<p>\t\t\t\t<img alt=\"Annons\" class=\"MediaWrapper-content Ad-image\" src=\"https:\/\/www.europesays.com\/se\/wp-content\/uploads\/2025\/12\/1767054623_258_banner-reporter-1404x720-1.jpg\" data-lazy-load-target=\"content\" width=\"468\" height=\"240\" loading=\"lazy\" decoding=\"async\" fetchpriority=\"auto\"\/><\/p>\n<p>\t\t<\/a><\/p>\n<p>Varje specialitet ser sin lilla bit av pusslet, men ibland \u00e4r vi s\u00e5 upptagna av v\u00e5r egen reflektion att vi gl\u00f6mmer bilden i stort. Vi vill g\u00f6ra r\u00e4tt, men ocks\u00e5 inte g\u00f6ra fel. Och d\u00e4r n\u00e5gonstans f\u00f6rvandlas ansvar till en het potatis, skickad mellan kliniker med faxen som katapult, laddad med remissen.<\/p>\n<p>\u00bbSpegel, spegel p\u00e5 v\u00e4ggen d\u00e4r, vem ser egentligen patienten h\u00e4r?\u00ab<\/p>\n<p>Jag minns en patient som kom till mig med en p\u00e4rm full av utredningar, svar och utl\u00e5tanden.<\/p>\n<p>\u00bbAlla har sagt att det inte \u00e4r deras omr\u00e5de\u00ab, sa hon. \u00bbS\u00e5 jag antar att jag f\u00e5r f\u00f6rs\u00f6ka hj\u00e4lpa mig sj\u00e4lv nu.\u00ab<\/p>\n<p>Jag f\u00f6rs\u00f6kte sk\u00e4mta: \u00bbDu verkar ha f\u00e5tt en specialistkompetens i din egen sjukdom.\u00ab<\/p>\n<p>Hon skrattade inte.<\/p>\n<p>\u00bbSpegel, spegel p\u00e5 v\u00e4ggen d\u00e4r, s\u00e4g mig vem som faktiskt ser h\u00e4r.\u00ab<\/p>\n<p>F\u00f6r det \u00e4r ju det som skaver. Vi talar g\u00e4rna om helhetssyn, personcentrering och v\u00e5rdkedjor, men i praktiken har kedjan s\u00e5 m\u00e5nga l\u00e4nkar att den ibland g\u00e5r i ring. Perspektivet blir sn\u00e4vt n\u00e4r varje profession tittar in i sin egen spegel och ser att just den delen fungerar. F\u00f6r att inte tala om hur liten spegelbilden kan bli n\u00e4r ekonomi helt och h\u00e5llet ska styra patientansvar.<\/p>\n<p>Kanske beh\u00f6ver vi f\u00e4rre speglar och fler f\u00f6nster. Fler samtal \u00f6ver gr\u00e4nserna, d\u00e4r n\u00e5gon v\u00e5gar s\u00e4ga: \u00bbJag vet inte riktigt \u2013 men jag tar reda p\u00e5 det.\u00ab Kanske till och med ett kollektivt \u00bbvi\u00ab i st\u00e4llet f\u00f6r ett bekv\u00e4mt \u00bbn\u00e5gon annan borde\u00ab.<\/p>\n<p>F\u00f6r ibland handlar det inte om fler remisser eller mer avancerade unders\u00f6kningar, utan om att n\u00e5gon orkar st\u00e5 kvar och f\u00f6rs\u00f6ka f\u00f6rst\u00e5, \u00e4ven n\u00e4r svaret inte ryms i ett provsvar eller en diagnoskod. N\u00e5gon som v\u00e5gar se m\u00e4nniskan bakom journalen.<\/p>\n<p>Och kanske \u00e4r det just d\u00e4r magin sker \u2013 inte i den perfekta reflektionen, utan i sprickan i glaset d\u00e4r verkligheten sipprar in. D\u00e4r vi tvingas sl\u00e4ppa prestigen, m\u00f6tas som kollegor och faktiskt lyssna. D\u00e4r n\u00e5gon tar ansvar, inte f\u00f6r att det \u00e4r deras tur, utan f\u00f6r att det \u00e4r r\u00e4tt sak att g\u00f6ra.<\/p>\n<p>F\u00f6r i slut\u00e4ndan handlar det inte om vem spegeln tycker \u00e4r vackrast. Det handlar om vem som faktiskt st\u00e5r kvar n\u00e4r spegeln spricker, och patienten fortfarande har besv\u00e4r.<\/p>\n<p>\u00bbS\u00e5, spegel, spegel p\u00e5 v\u00e4ggen d\u00e4r: s\u00e4g mig, vad borde vi g\u00f6ra h\u00e4r?\u00ab<\/p>\n<p>Om svaret \u00e4r att vi inte kan se ut genom f\u00f6nstret, d\u00e5 \u00e4r det nog dags att putsa glaset.<\/p>\n<p>M\u00f6ten och h\u00e4ndelser fr\u00e5n klinisk vardag som omtalas i L\u00e4kartidningens kr\u00f6nikor \u00e4r antingen fingerade eller anonymiserade.<\/p>\n<p>\t\t\t\t\tL\u00e4s mer\n\t\t\t<\/p>\n","protected":false},"excerpt":{"rendered":"Jesper Celander AT-l\u00e4kare, NU-sjukv\u00e5rden; doktorand, G\u00f6teborgs universitet \u00bbSpegel, spegel p\u00e5 v\u00e4ggen d\u00e4r, s\u00e4g mig vem som vackrast i&hellip;\n","protected":false},"author":2,"featured_media":120354,"comment_status":"","ping_status":"","sticky":false,"template":"","format":"standard","meta":{"footnotes":""},"categories":[12],"tags":[22,23,26,27,17,21,24,25,28,29,15,16,18,34,31,33,32,30,19,20],"class_list":{"0":"post-120353","1":"post","2":"type-post","3":"status-publish","4":"format-standard","5":"has-post-thumbnail","7":"category-sverige","8":"tag-breaking-news","9":"tag-breakingnews","10":"tag-featured-news","11":"tag-featurednews","12":"tag-headlines","13":"tag-huvudnyheter","14":"tag-latest-news","15":"tag-latestnews","16":"tag-main-news","17":"tag-mainnews","18":"tag-news","19":"tag-nyheter","20":"tag-rubriker","21":"tag-se","22":"tag-svenska","23":"tag-sverige","24":"tag-sweden","25":"tag-swedish","26":"tag-top-stories","27":"tag-topstories"},"share_on_mastodon":{"url":"https:\/\/pubeurope.com\/@se\/115805698314979270","error":""},"_links":{"self":[{"href":"https:\/\/www.europesays.com\/se\/wp-json\/wp\/v2\/posts\/120353","targetHints":{"allow":["GET"]}}],"collection":[{"href":"https:\/\/www.europesays.com\/se\/wp-json\/wp\/v2\/posts"}],"about":[{"href":"https:\/\/www.europesays.com\/se\/wp-json\/wp\/v2\/types\/post"}],"author":[{"embeddable":true,"href":"https:\/\/www.europesays.com\/se\/wp-json\/wp\/v2\/users\/2"}],"replies":[{"embeddable":true,"href":"https:\/\/www.europesays.com\/se\/wp-json\/wp\/v2\/comments?post=120353"}],"version-history":[{"count":0,"href":"https:\/\/www.europesays.com\/se\/wp-json\/wp\/v2\/posts\/120353\/revisions"}],"wp:featuredmedia":[{"embeddable":true,"href":"https:\/\/www.europesays.com\/se\/wp-json\/wp\/v2\/media\/120354"}],"wp:attachment":[{"href":"https:\/\/www.europesays.com\/se\/wp-json\/wp\/v2\/media?parent=120353"}],"wp:term":[{"taxonomy":"category","embeddable":true,"href":"https:\/\/www.europesays.com\/se\/wp-json\/wp\/v2\/categories?post=120353"},{"taxonomy":"post_tag","embeddable":true,"href":"https:\/\/www.europesays.com\/se\/wp-json\/wp\/v2\/tags?post=120353"}],"curies":[{"name":"wp","href":"https:\/\/api.w.org\/{rel}","templated":true}]}}