{"id":120356,"date":"2025-12-30T01:19:16","date_gmt":"2025-12-30T01:19:16","guid":{"rendered":"https:\/\/www.europesays.com\/se\/120356\/"},"modified":"2025-12-30T01:19:16","modified_gmt":"2025-12-30T01:19:16","slug":"bjorck-glanste-pa-nytt-sverige-tog-tredje-raka-vasterbottens-kuriren","status":"publish","type":"post","link":"https:\/\/www.europesays.com\/se\/120356\/","title":{"rendered":"Bj\u00f6rck gl\u00e4nste p\u00e5 nytt \u2013 Sverige tog tredje raka &#8211; V\u00e4sterbottens-Kuriren"},"content":{"rendered":"<ol>\n<li><a href=\"https:\/\/news.google.com\/rss\/articles\/CBMiiAFBVV95cUxOUHRNUlJocVB6U1NwR2xtUzJxemhYbUI5M3U3elhHc0NJWGJ5SGRjeHlaMWJuN1pfS1llVUhXeVlMRDJfMmI2b1RYOGpQUENRb3ZUd1dsR19VaXBGRE1UUHlvTF95MnRHQVVIaWdWbnN4bVVFTk1JVFo1WWI1RnRaZnpxTjJKUTNs?oc=5\" target=\"_blank\" rel=\"nofollow noopener\">Bj\u00f6rck gl\u00e4nste p\u00e5 nytt \u2013 Sverige tog tredje raka<\/a>&nbsp;&nbsp;V\u00e4sterbottens-Kuriren<\/li>\n<li><a href=\"https:\/\/news.google.com\/rss\/articles\/CBMioAFBVV95cUxQWUhNckhqMEkwUHNrVzRPMDB3QWNwSGoxUjh1ZVFLWV82MGdmbmVDcW16b2J3YUMwRWRULThZbnZWaGt3WGhWT0c2OUJNbWNqMFMyVlI3RGtBWk9xUnBrVHFRMjZObHU3dXpFXzJSb0ZoOVhseWxlUGJsdEk5TDhNenNvTEJrWmFNemlhdjRvQ0twWVBKT1pEZGxscVVjMmxm?oc=5\" target=\"_blank\" rel=\"nofollow noopener\">17-\u00e5ringen tokhyllas efter nya JVM-succ\u00e9n<\/a>&nbsp;&nbsp;Aftonbladet<\/li>\n<li><a href=\"https:\/\/news.google.com\/rss\/articles\/CBMijAFBVV95cUxPM05FTGlCblJJRGphQXVOamFfd0c3aktRb3BtaVB3UlJBQmVfVGpFZlBHMkRMY0RsaDlIVzZ3WlpWX3NxSk4zQkY0MDJ5REtPUUZsa2o3b2FZMlJDY05qTnFPWXdXckFCbERleFc1aThVcGMzN1A2cG9MbnI1ZGZJbjdHc2pUZHZrdU1FZA?oc=5\" target=\"_blank\" rel=\"nofollow noopener\">Ishockey: Se Viggo Bj\u00f6rcks uppvisning i Sveriges JVM-kross: \u201dUrstark\u201d<\/a>&nbsp;&nbsp;SVT Nyheter<\/li>\n<li><a href=\"https:\/\/news.google.com\/rss\/articles\/CBMiigFBVV95cUxNTmFWWmxjLWkyYVowcnFZMDgyZVlFZU10QTlqOXFsQ0xqb0lxNEFqaGNrUmJhc0lsLVVfQ2x3bGF5Z09JUTFFMVRVRFhEX0dNOWY5OGVNZVJDR21uVGQ3bG9TZlVHYUNkVnNfY3pGRUo5eldSelB1dDQ4RFRYRFotcDFTSUdVWnhoNlE?oc=5\" target=\"_blank\" rel=\"nofollow noopener\">Sverige byter m\u00e5lvakt \u2013 ikonens son vaktar kassen<\/a>&nbsp;&nbsp;V\u00e4sterbottens-Kuriren<\/li>\n<li><a href=\"https:\/\/news.google.com\/rss\/articles\/CBMikAFBVV95cUxONWRTSkR2QzdoZS1UTXhyOFJBTG5relRVcUo0emlhaU5EbWdwRjQxQWZrcVZNZGluYzhIaE8xV0JwSzBMZXhKSEFZZ3VXcWFFdDVRMkV4XzJ6bHBKWW1LbnZwcUZrdW4tZkJabm5NSDhZRi04V1phVHRFZzdkT2tsQXd1WE9mVlZtWWp4eXFMdF8?oc=5\" target=\"_blank\" rel=\"nofollow noopener\">Frondell om gruppfinalen mot USA: \u201dEn rolig utmaning\u201d<\/a>&nbsp;&nbsp;Sveriges Radio<\/li>\n<\/ol>\n","protected":false},"excerpt":{"rendered":"Bj\u00f6rck gl\u00e4nste p\u00e5 nytt \u2013 Sverige tog tredje raka&nbsp;&nbsp;V\u00e4sterbottens-Kuriren 17-\u00e5ringen tokhyllas efter nya JVM-succ\u00e9n&nbsp;&nbsp;Aftonbladet Ishockey: Se Viggo Bj\u00f6rcks&hellip;\n","protected":false},"author":2,"featured_media":120357,"comment_status":"","ping_status":"","sticky":false,"template":"","format":"standard","meta":{"footnotes":""},"categories":[5],"tags":[22,23,26,27,17,21,24,25,28,29,15,16,18,34,31,33,32,30,19,20],"class_list":{"0":"post-120356","1":"post","2":"type-post","3":"status-publish","4":"format-standard","5":"has-post-thumbnail","7":"category-rubriker","8":"tag-breaking-news","9":"tag-breakingnews","10":"tag-featured-news","11":"tag-featurednews","12":"tag-headlines","13":"tag-huvudnyheter","14":"tag-latest-news","15":"tag-latestnews","16":"tag-main-news","17":"tag-mainnews","18":"tag-news","19":"tag-nyheter","20":"tag-rubriker","21":"tag-se","22":"tag-svenska","23":"tag-sverige","24":"tag-sweden","25":"tag-swedish","26":"tag-top-stories","27":"tag-topstories"},"share_on_mastodon":{"url":"https:\/\/pubeurope.com\/@se\/115805890953305981","error":""},"_links":{"self":[{"href":"https:\/\/www.europesays.com\/se\/wp-json\/wp\/v2\/posts\/120356","targetHints":{"allow":["GET"]}}],"collection":[{"href":"https:\/\/www.europesays.com\/se\/wp-json\/wp\/v2\/posts"}],"about":[{"href":"https:\/\/www.europesays.com\/se\/wp-json\/wp\/v2\/types\/post"}],"author":[{"embeddable":true,"href":"https:\/\/www.europesays.com\/se\/wp-json\/wp\/v2\/users\/2"}],"replies":[{"embeddable":true,"href":"https:\/\/www.europesays.com\/se\/wp-json\/wp\/v2\/comments?post=120356"}],"version-history":[{"count":0,"href":"https:\/\/www.europesays.com\/se\/wp-json\/wp\/v2\/posts\/120356\/revisions"}],"wp:featuredmedia":[{"embeddable":true,"href":"https:\/\/www.europesays.com\/se\/wp-json\/wp\/v2\/media\/120357"}],"wp:attachment":[{"href":"https:\/\/www.europesays.com\/se\/wp-json\/wp\/v2\/media?parent=120356"}],"wp:term":[{"taxonomy":"category","embeddable":true,"href":"https:\/\/www.europesays.com\/se\/wp-json\/wp\/v2\/categories?post=120356"},{"taxonomy":"post_tag","embeddable":true,"href":"https:\/\/www.europesays.com\/se\/wp-json\/wp\/v2\/tags?post=120356"}],"curies":[{"name":"wp","href":"https:\/\/api.w.org\/{rel}","templated":true}]}}