{"id":120373,"date":"2025-12-30T02:29:08","date_gmt":"2025-12-30T02:29:08","guid":{"rendered":"https:\/\/www.europesays.com\/se\/120373\/"},"modified":"2025-12-30T02:29:08","modified_gmt":"2025-12-30T02:29:08","slug":"nyarsfirande-i-serietopp-savehof","status":"publish","type":"post","link":"https:\/\/www.europesays.com\/se\/120373\/","title":{"rendered":"Ny\u00e5rsfirande i serietopp &#8211; S\u00e4vehof"},"content":{"rendered":"<p><b>IK S\u00e4vehof firar ny\u00e5r som serieledare n\u00e4r 2025 blir till 2026. M\u00e5ndagskv\u00e4llens derby mot Kung\u00e4lvs HK slutade 35\u201321 i gulsvart fav\u00f6r d\u00e4r en tydlig grund till storsegern etablerades redan i den f\u00f6rsta halvleken.<\/b><\/p>\n<p>\u00c5rets sista uppgift f\u00f6r S\u00e4vehof i Handbollsligan Dam var m\u00e5ndagskv\u00e4llens bortamatch mot Kung\u00e4lv. Efter fem j\u00e4mna minuter i Mimershallen, med 4\u20134 p\u00e5 resultattavlan, b\u00f6rjade S\u00e4vehof rycka ifr\u00e5n. Inte mindre \u00e4n fem raka m\u00e5l etablerade sedan ett tidigt \u00f6verl\u00e4ge som skulle visa sig r\u00e4cka hela v\u00e4gen.<\/p>\n<p>\u00c4ven n\u00e4r huvudtr\u00e4nare Andreas Wallin valde att g\u00f6ra skiften fortsatte utdelningen att vara god. Spelarna som fick inleda kv\u00e4llen fr\u00e5n b\u00e4nkplats tvekade inte n\u00e4r de fick chansen och S\u00e4vehof hade elva olika m\u00e5lskyttar i den f\u00f6rsta halvleken som slutade 19\u201310.<\/p>\n<p>In i den andra halvleken beh\u00f6ll S\u00e4vehof initiativet. F\u00f6rsvarsspelet ihop med m\u00e5lvakt Wilma Saul fungerade v\u00e4l och fram\u00e5t var det framf\u00f6rallt El\u00edn Klara Thorkelsd\u00f3ttir som dundrade fram med \u00f6kad kraft efter pausen. S\u00e4rskilt effektiv var den isl\u00e4ndska niometersspelaren n\u00e4r hon slog till med tre m\u00e5l i f\u00f6ljd i ett av flera skeden d\u00e4r det gulsvarta \u00f6vertaget v\u00e4xte sig starkare.<\/p>\n<p>Den slutgiltiga segermarginalen stannade vid 14 bollar n\u00e4r S\u00e4vehof vann derbyt mot Kung\u00e4lv med 35\u201321. D\u00e4rmed kommer laget kunna fira ny\u00e5r som serieledare med minst tv\u00e5 po\u00e4ng ner till tabelltv\u00e5an.<\/p>\n<p>Drygt en vecka \u00e5terst\u00e5r till n\u00e4sta match n\u00e4r Aran\u00e4s st\u00e5r f\u00f6r motst\u00e5ndet onsdag den 7:e januari i det som blir f\u00f6rsta uppgiften f\u00f6r 2026.<\/p>\n<p><b>Kung\u00e4lvs HK \u2013 IK S\u00e4vehof 21\u201335 (10\u201319)<\/b><\/p>\n<p><b>Kung\u00e4lvs HK:s m\u00e5lskyttar:<\/b> Kristina Zubonja 6, Ellen Reinholdt 4, Ulrika Land\u00e9 4, M\u00e4rta Nystr\u00f6m 2, Maja Fred\u00e9n 2, Line Stenberg 2 och Nellie Norlin 1.<\/p>\n<p><b>IK S\u00e4vehofs m\u00e5lskyttar: <\/b>El\u00edn Klara Thorkelsd\u00f3ttir 7, Stina Wiksfors 7, Kim Molenaar 5, Tilde Skoog 3, Madeleine Rehnberg 3, Stella Huselius 2, Ida Landberg 2, Nina Dano 2, Ida Sembe 1, Hilma Knutsson 1, Emma Mihailovic 1 och Matilda Forsberg 1.<\/p>\n<p><strong>\u2013 Erik Malmqvist<\/strong><\/p>\n","protected":false},"excerpt":{"rendered":"IK S\u00e4vehof firar ny\u00e5r som serieledare n\u00e4r 2025 blir till 2026. M\u00e5ndagskv\u00e4llens derby mot Kung\u00e4lvs HK slutade 35\u201321&hellip;\n","protected":false},"author":2,"featured_media":120374,"comment_status":"","ping_status":"","sticky":false,"template":"","format":"standard","meta":{"footnotes":""},"categories":[68],"tags":[12638,12233,34,111,110,31,33,32,30,12814],"class_list":{"0":"post-120373","1":"post","2":"type-post","3":"status-publish","4":"format-standard","5":"has-post-thumbnail","7":"category-sport","8":"tag-andreas-wallin","9":"tag-elin-klara-thorkelsdottir","10":"tag-se","11":"tag-sport","12":"tag-sports","13":"tag-svenska","14":"tag-sverige","15":"tag-sweden","16":"tag-swedish","17":"tag-wilma-saul"},"share_on_mastodon":{"url":"https:\/\/pubeurope.com\/@se\/115806166234002867","error":""},"_links":{"self":[{"href":"https:\/\/www.europesays.com\/se\/wp-json\/wp\/v2\/posts\/120373","targetHints":{"allow":["GET"]}}],"collection":[{"href":"https:\/\/www.europesays.com\/se\/wp-json\/wp\/v2\/posts"}],"about":[{"href":"https:\/\/www.europesays.com\/se\/wp-json\/wp\/v2\/types\/post"}],"author":[{"embeddable":true,"href":"https:\/\/www.europesays.com\/se\/wp-json\/wp\/v2\/users\/2"}],"replies":[{"embeddable":true,"href":"https:\/\/www.europesays.com\/se\/wp-json\/wp\/v2\/comments?post=120373"}],"version-history":[{"count":0,"href":"https:\/\/www.europesays.com\/se\/wp-json\/wp\/v2\/posts\/120373\/revisions"}],"wp:featuredmedia":[{"embeddable":true,"href":"https:\/\/www.europesays.com\/se\/wp-json\/wp\/v2\/media\/120374"}],"wp:attachment":[{"href":"https:\/\/www.europesays.com\/se\/wp-json\/wp\/v2\/media?parent=120373"}],"wp:term":[{"taxonomy":"category","embeddable":true,"href":"https:\/\/www.europesays.com\/se\/wp-json\/wp\/v2\/categories?post=120373"},{"taxonomy":"post_tag","embeddable":true,"href":"https:\/\/www.europesays.com\/se\/wp-json\/wp\/v2\/tags?post=120373"}],"curies":[{"name":"wp","href":"https:\/\/api.w.org\/{rel}","templated":true}]}}