{"id":120377,"date":"2025-12-30T02:35:11","date_gmt":"2025-12-30T02:35:11","guid":{"rendered":"https:\/\/www.europesays.com\/se\/120377\/"},"modified":"2025-12-30T02:35:11","modified_gmt":"2025-12-30T02:35:11","slug":"fyrverkeriraket-pa-balkong-i-hageby-norrkoping","status":"publish","type":"post","link":"https:\/\/www.europesays.com\/se\/120377\/","title":{"rendered":"Fyrverkeriraket p\u00e5 balkong i Hageby Norrk\u00f6ping"},"content":{"rendered":"<p>Problemen med sm\u00e4llare och raketer har p\u00e5g\u00e5tt i flera veckor och nu, dagarna f\u00f6re ny\u00e5r, \u00e4r trycket som st\u00f6rst. Trots att det enligt kommunens regler \u00e4r f\u00f6rbjudet att anv\u00e4nda fyrverkerier f\u00f6re ny\u00e5rsafton.\u2013 Vi har f\u00e5tt in ett stort antal larm om fyrverkerier och sm\u00e4llare i hela l\u00e4net. I Norrk\u00f6ping \u00e4r det spritt \u00f6verallt, s\u00e4ger Mats Pettersson.P\u00e5 m\u00e5ndagskv\u00e4llen sm\u00e4llde d<\/p>\n","protected":false},"excerpt":{"rendered":"Problemen med sm\u00e4llare och raketer har p\u00e5g\u00e5tt i flera veckor och nu, dagarna f\u00f6re ny\u00e5r, \u00e4r trycket som&hellip;\n","protected":false},"author":2,"featured_media":7167,"comment_status":"","ping_status":"","sticky":false,"template":"","format":"standard","meta":{"footnotes":""},"categories":[5],"tags":[22,23,26,27,17,21,24,25,28,29,15,16,18,34,31,33,32,30,19,20],"class_list":{"0":"post-120377","1":"post","2":"type-post","3":"status-publish","4":"format-standard","5":"has-post-thumbnail","7":"category-rubriker","8":"tag-breaking-news","9":"tag-breakingnews","10":"tag-featured-news","11":"tag-featurednews","12":"tag-headlines","13":"tag-huvudnyheter","14":"tag-latest-news","15":"tag-latestnews","16":"tag-main-news","17":"tag-mainnews","18":"tag-news","19":"tag-nyheter","20":"tag-rubriker","21":"tag-se","22":"tag-svenska","23":"tag-sverige","24":"tag-sweden","25":"tag-swedish","26":"tag-top-stories","27":"tag-topstories"},"share_on_mastodon":{"url":"https:\/\/pubeurope.com\/@se\/115806189821789792","error":""},"_links":{"self":[{"href":"https:\/\/www.europesays.com\/se\/wp-json\/wp\/v2\/posts\/120377","targetHints":{"allow":["GET"]}}],"collection":[{"href":"https:\/\/www.europesays.com\/se\/wp-json\/wp\/v2\/posts"}],"about":[{"href":"https:\/\/www.europesays.com\/se\/wp-json\/wp\/v2\/types\/post"}],"author":[{"embeddable":true,"href":"https:\/\/www.europesays.com\/se\/wp-json\/wp\/v2\/users\/2"}],"replies":[{"embeddable":true,"href":"https:\/\/www.europesays.com\/se\/wp-json\/wp\/v2\/comments?post=120377"}],"version-history":[{"count":0,"href":"https:\/\/www.europesays.com\/se\/wp-json\/wp\/v2\/posts\/120377\/revisions"}],"wp:featuredmedia":[{"embeddable":true,"href":"https:\/\/www.europesays.com\/se\/wp-json\/wp\/v2\/media\/7167"}],"wp:attachment":[{"href":"https:\/\/www.europesays.com\/se\/wp-json\/wp\/v2\/media?parent=120377"}],"wp:term":[{"taxonomy":"category","embeddable":true,"href":"https:\/\/www.europesays.com\/se\/wp-json\/wp\/v2\/categories?post=120377"},{"taxonomy":"post_tag","embeddable":true,"href":"https:\/\/www.europesays.com\/se\/wp-json\/wp\/v2\/tags?post=120377"}],"curies":[{"name":"wp","href":"https:\/\/api.w.org\/{rel}","templated":true}]}}