{"id":12038,"date":"2025-08-23T19:14:16","date_gmt":"2025-08-23T19:14:16","guid":{"rendered":"https:\/\/www.europesays.com\/se\/12038\/"},"modified":"2025-08-23T19:14:16","modified_gmt":"2025-08-23T19:14:16","slug":"vinst-efter-marcus-gidlofs-storspel","status":"publish","type":"post","link":"https:\/\/www.europesays.com\/se\/12038\/","title":{"rendered":"Vinst efter Marcus Gidl\u00f6fs storspel!"},"content":{"rendered":"<p>Leksand vann efter straffar med 1-2. Jacob Peterson gjorde Fr\u00f6lundas 1-0 m\u00e5l n\u00e4r det var ett par minuter kvar av andra perioden. Peter Cehlarik kvitterade i slutet av tredje perioden n\u00e4r Leksand hade tagit ut m\u00e5lvakten.<\/p>\n<p>Tv\u00e5 av tre spelare i Leksand satte sedan sina straffar; n\u00e4mnde Cehlarik och <a href=\"https:\/\/www.svenskafans.com\/ishockey\/spelare\/nolan-stevens_83765\" class=\"inText\" title=\"Nolan Stevens\" rel=\"nofollow noopener\" target=\"_blank\">Nolan Stevens<\/a>. Eftersom \u00e4ven <a href=\"https:\/\/www.svenskafans.com\/ishockey\/spelare\/marcus-gidlof_83572\" class=\"inText\" title=\"Marcus Gidl\u00f6f\" rel=\"nofollow noopener\" target=\"_blank\">Marcus Gidl\u00f6f<\/a> gjorde sitt jobb under straffl\u00e4ggningen vann Leksand matchen med 1-2. Om resultatet g\u00e5r Leksands v\u00e4g ikv\u00e4ll kan de vinna turneringen i Str\u00f6mstad.<\/p>\n<p><strong>Leksands b\u00e4sta<\/strong><\/p>\n<p class=\"MsoNormal\">Marcus Gidl\u00f6f var fenomenal i m\u00e5let s\u00e4rskilt sett till bakgrunden att det var hans f\u00f6rsta tr\u00e4ningsmatch f\u00f6r s\u00e4songen och att han varit sm\u00e5skadad tidigare under sommaren. Han har tidigare uttryck sig i media att han k\u00e4nner sig i b\u00e4ttre fysiskt skick denna s\u00e4song d\u00e5 han f\u00e5tt k\u00f6ra mycket &#8221;fys&#8221; n\u00e4r han inte kunnat vara p\u00e5 is.<\/p>\n<p class=\"MsoNormal\"><a href=\"https:\/\/www.svenskafans.com\/ishockey\/spelare\/andro-kaderli_83625\" class=\"inText\" title=\"Andro Kaderli\" rel=\"nofollow noopener\" target=\"_blank\">Andro Kaderli<\/a> har nu v\u00e4xt in i SHL-kostymen. I andra perioden orsakade han bl.a. en Fr\u00f6lunda-utvisning genom sitt utmanande spel.<\/p>\n<p class=\"MsoNormal\">\u00c4ven August Lissel gjorde en bra match. I tredje perioden h\u00f6ll han p\u00e5 att dribbla sig igenom till ett fril\u00e4ge men hade \u00e4ven andra bra sekvenser med pucken under matchen.<\/p>\n<p class=\"MsoNormal\">\u00c4ven coacherna ska f\u00e5 en eloge efter matchen. Inf\u00f6r f\u00f6rl\u00e4ngningen s\u00e5g man bl.a. att Niklas Persson stod l\u00e4nge och pratade med de spelare som skulle inleda f\u00f6rl\u00e4ngningsspelet och styrde upp den taktik Leksand skulle ha. N\u00e5got vi inte varit s\u00e5 bortsk\u00e4mda med de senaste \u00e5ren.<\/p>\n<p class=\"MsoNormal\"><strong>Dessa spelare kan b\u00e4ttre<\/strong><\/p>\n<p class=\"MsoNormal\"><a href=\"https:\/\/www.svenskafans.com\/ishockey\/spelare\/marcus-karlberg_83584\" class=\"inText\" title=\"Marcus Karlberg\" rel=\"nofollow noopener\" target=\"_blank\">Marcus Karlberg<\/a> hade ingen lyckad kv\u00e4ll. <a href=\"https:\/\/www.svenskafans.com\/ishockey\/spelare\/oskar-lang_6863\" class=\"inText\" title=\"Oskar Lang\" rel=\"nofollow noopener\" target=\"_blank\">Oskar Lang<\/a> som spelade i samma kedja var bra men kedjan som helhet hade sv\u00e5rt att f\u00e5 fast pucken i offensiv zon. Marcus Karlberg lyckades ocks\u00e5 att i ett och samma byte i andra perioden tappa pucken tre g\u00e5nger. Kanske hade han n\u00e5gon mindre skada eller s\u00e5 berodde det p\u00e5 andra saker att han inte spelade alls i tredje perioden.<\/p>\n","protected":false},"excerpt":{"rendered":"Leksand vann efter straffar med 1-2. Jacob Peterson gjorde Fr\u00f6lundas 1-0 m\u00e5l n\u00e4r det var ett par minuter&hellip;\n","protected":false},"author":2,"featured_media":12039,"comment_status":"","ping_status":"","sticky":false,"template":"","format":"standard","meta":{"footnotes":""},"categories":[68],"tags":[159,158,157,138,156,165,164,140,34,160,162,111,110,31,161,33,32,30,163],"class_list":{"0":"post-12038","1":"post","2":"type-post","3":"status-publish","4":"format-standard","5":"has-post-thumbnail","7":"category-sport","8":"tag-allsvenskan","9":"tag-fans","10":"tag-fantv","11":"tag-fotboll","12":"tag-hockey","13":"tag-matcher","14":"tag-matchprogram","15":"tag-premier-league","16":"tag-se","17":"tag-serie-a","18":"tag-spelschema","19":"tag-sport","20":"tag-sports","21":"tag-svenska","22":"tag-svenskafans","23":"tag-sverige","24":"tag-sweden","25":"tag-swedish","26":"tag-tabeller"},"share_on_mastodon":{"url":"","error":""},"_links":{"self":[{"href":"https:\/\/www.europesays.com\/se\/wp-json\/wp\/v2\/posts\/12038","targetHints":{"allow":["GET"]}}],"collection":[{"href":"https:\/\/www.europesays.com\/se\/wp-json\/wp\/v2\/posts"}],"about":[{"href":"https:\/\/www.europesays.com\/se\/wp-json\/wp\/v2\/types\/post"}],"author":[{"embeddable":true,"href":"https:\/\/www.europesays.com\/se\/wp-json\/wp\/v2\/users\/2"}],"replies":[{"embeddable":true,"href":"https:\/\/www.europesays.com\/se\/wp-json\/wp\/v2\/comments?post=12038"}],"version-history":[{"count":0,"href":"https:\/\/www.europesays.com\/se\/wp-json\/wp\/v2\/posts\/12038\/revisions"}],"wp:featuredmedia":[{"embeddable":true,"href":"https:\/\/www.europesays.com\/se\/wp-json\/wp\/v2\/media\/12039"}],"wp:attachment":[{"href":"https:\/\/www.europesays.com\/se\/wp-json\/wp\/v2\/media?parent=12038"}],"wp:term":[{"taxonomy":"category","embeddable":true,"href":"https:\/\/www.europesays.com\/se\/wp-json\/wp\/v2\/categories?post=12038"},{"taxonomy":"post_tag","embeddable":true,"href":"https:\/\/www.europesays.com\/se\/wp-json\/wp\/v2\/tags?post=12038"}],"curies":[{"name":"wp","href":"https:\/\/api.w.org\/{rel}","templated":true}]}}