{"id":120381,"date":"2025-12-30T02:42:29","date_gmt":"2025-12-30T02:42:29","guid":{"rendered":"https:\/\/www.europesays.com\/se\/120381\/"},"modified":"2025-12-30T02:42:29","modified_gmt":"2025-12-30T02:42:29","slug":"sa-blir-nyarsvadret-blast-solsken-och-sno-vasterbottens-kuriren","status":"publish","type":"post","link":"https:\/\/www.europesays.com\/se\/120381\/","title":{"rendered":"S\u00e5 blir ny\u00e5rsv\u00e4dret: Bl\u00e5st, solsken och sn\u00f6 &#8211; V\u00e4sterbottens-Kuriren"},"content":{"rendered":"<ol>\n<li><a href=\"https:\/\/news.google.com\/rss\/articles\/CBMiggFBVV95cUxPcmpOUUYwdENwanpQSVAzVzMyNHdfTEdQTldvSW9SNUo2cFVGNTA2NGFINHZiaVZDRDZnOTBhb1RGMy1MM0JuamZKSHZMYy1WRUQwMmpFVHdZa3IzQ2wwd0RIWEE2QkdhNzFMWE5yWkN2RGwwZkFTeW1sR1Axdk11clRR?oc=5\" target=\"_blank\" rel=\"nofollow noopener\">S\u00e5 blir ny\u00e5rsv\u00e4dret: Bl\u00e5st, solsken och sn\u00f6<\/a>&nbsp;&nbsp;V\u00e4sterbottens-Kuriren<\/li>\n<li><a href=\"https:\/\/news.google.com\/rss\/articles\/CBMimgFBVV95cUxOS2ZvcnMwaDl6b1JlRnoyVll0ZEhzZ0Fjc0psWHBCWks0YjJpNGoxQkMyRE81RWFNSGNLdkw0a3JvRFNwRnJOTVBFdk5UeXBoci1nZi1sLWJyd2tqSTlGODI4ZW5fZms1bHc1eTA5ei1RNldqS2MtN1hMYzFKeFVrQTRaY3NQVkdaVEo4UUtBZ25ZSUczWnczb3dR?oc=5\" target=\"_blank\" rel=\"nofollow noopener\">Gnistrande beskedet inf\u00f6r ny\u00e5r \u2013 f\u00f6rst sol sedan sn\u00f6<\/a>&nbsp;&nbsp;Aftonbladet<\/li>\n<li><a href=\"https:\/\/news.google.com\/rss\/articles\/CBMijAFBVV95cUxPRFZ0M3FhTnlfdWZnYVFxMkRocVVVX3NYcnd4M3hpcFh5U1FjTWVKckZMWWJTYW44aF9ybXZLZmViNi0ySFhhbjlnazk3bGNZVHJaUDhYVFZZeEhQV3lOMEpjMWpLZ1pBNUZoMjZWeGZmUmdSYktPd0k4RGdVcXEyZEpvdDFrNFZLZFBiXw?oc=5\" target=\"_blank\" rel=\"nofollow noopener\">S\u00e5 blir v\u00e4dret p\u00e5 ny\u00e5rsafton<\/a>&nbsp;&nbsp;SVT Nyheter<\/li>\n<li><a href=\"https:\/\/news.google.com\/rss\/articles\/CBMijAFBVV95cUxPT3Y2b0RmRTNqNGItcFFFUk1pNzJHNXk5TE9jbDl1eThxcUxycS1LeUJCemhobkN2c0V0czVPZ0hhRlY2X1I1ZVhBV3Zqb0E1UzNKbXpSMWxxRlFhaDFMbHNkNWV6Z1dGbWppS2JWNmk3eWJPOWNCb3I5dDlKOWRTT0l5dkY1VTI2WFlFWQ?oc=5\" target=\"_blank\" rel=\"nofollow noopener\">Efter Johannes \u2013 nu kommer sn\u00f6smockan<\/a>&nbsp;&nbsp;SvD<\/li>\n<li><a href=\"https:\/\/news.google.com\/rss\/articles\/CBMiqAFBVV95cUxPSXRVNDhmeFJDQzg4N0VEOHdzV3RjbG92d3BJM3B0TFFQRkwtNjhrd0JLZzJPRG43TUc4LU1PU0RTbE5pYUUxWk5xR1ZqeEJWTzA4a0lYSjRrcHFYNDBoRG93UjhSbkpnRjd6NUs0WTFIX3Y2Zl9kQlM0WnhVUlNVRFFNejlJVVJSdUxuTnhtMl9sUEVkZW9adWZhcXZuYWVHOEFMc1BMNWo?oc=5\" target=\"_blank\" rel=\"nofollow noopener\">Sn\u00f6smocka v\u00e4ntas p\u00e5 ny\u00e5rsafton: \u201dKommer bli besv\u00e4rligt\u201d<\/a>&nbsp;&nbsp;TV4 Nyheterna<\/li>\n<\/ol>\n","protected":false},"excerpt":{"rendered":"S\u00e5 blir ny\u00e5rsv\u00e4dret: Bl\u00e5st, solsken och sn\u00f6&nbsp;&nbsp;V\u00e4sterbottens-Kuriren Gnistrande beskedet inf\u00f6r ny\u00e5r \u2013 f\u00f6rst sol sedan sn\u00f6&nbsp;&nbsp;Aftonbladet S\u00e5 blir&hellip;\n","protected":false},"author":2,"featured_media":120382,"comment_status":"","ping_status":"","sticky":false,"template":"","format":"standard","meta":{"footnotes":""},"categories":[12],"tags":[22,23,26,27,17,21,24,25,28,29,15,16,18,34,31,33,32,30,19,20],"class_list":{"0":"post-120381","1":"post","2":"type-post","3":"status-publish","4":"format-standard","5":"has-post-thumbnail","7":"category-sverige","8":"tag-breaking-news","9":"tag-breakingnews","10":"tag-featured-news","11":"tag-featurednews","12":"tag-headlines","13":"tag-huvudnyheter","14":"tag-latest-news","15":"tag-latestnews","16":"tag-main-news","17":"tag-mainnews","18":"tag-news","19":"tag-nyheter","20":"tag-rubriker","21":"tag-se","22":"tag-svenska","23":"tag-sverige","24":"tag-sweden","25":"tag-swedish","26":"tag-top-stories","27":"tag-topstories"},"share_on_mastodon":{"url":"https:\/\/pubeurope.com\/@se\/115806217363922387","error":""},"_links":{"self":[{"href":"https:\/\/www.europesays.com\/se\/wp-json\/wp\/v2\/posts\/120381","targetHints":{"allow":["GET"]}}],"collection":[{"href":"https:\/\/www.europesays.com\/se\/wp-json\/wp\/v2\/posts"}],"about":[{"href":"https:\/\/www.europesays.com\/se\/wp-json\/wp\/v2\/types\/post"}],"author":[{"embeddable":true,"href":"https:\/\/www.europesays.com\/se\/wp-json\/wp\/v2\/users\/2"}],"replies":[{"embeddable":true,"href":"https:\/\/www.europesays.com\/se\/wp-json\/wp\/v2\/comments?post=120381"}],"version-history":[{"count":0,"href":"https:\/\/www.europesays.com\/se\/wp-json\/wp\/v2\/posts\/120381\/revisions"}],"wp:featuredmedia":[{"embeddable":true,"href":"https:\/\/www.europesays.com\/se\/wp-json\/wp\/v2\/media\/120382"}],"wp:attachment":[{"href":"https:\/\/www.europesays.com\/se\/wp-json\/wp\/v2\/media?parent=120381"}],"wp:term":[{"taxonomy":"category","embeddable":true,"href":"https:\/\/www.europesays.com\/se\/wp-json\/wp\/v2\/categories?post=120381"},{"taxonomy":"post_tag","embeddable":true,"href":"https:\/\/www.europesays.com\/se\/wp-json\/wp\/v2\/tags?post=120381"}],"curies":[{"name":"wp","href":"https:\/\/api.w.org\/{rel}","templated":true}]}}