{"id":120383,"date":"2025-12-30T02:43:10","date_gmt":"2025-12-30T02:43:10","guid":{"rendered":"https:\/\/www.europesays.com\/se\/120383\/"},"modified":"2025-12-30T02:43:10","modified_gmt":"2025-12-30T02:43:10","slug":"uppgifter-cia-har-attackerat-hamn-i-venezuela","status":"publish","type":"post","link":"https:\/\/www.europesays.com\/se\/120383\/","title":{"rendered":"Uppgifter: CIA har attackerat hamn i Venezuela"},"content":{"rendered":"<p>Attacken ska ha riktats mot en avl\u00e4gsen kaj som USA misst\u00e4nkte anv\u00e4ndes av den kriminella organisationen Tren de Aragua f\u00f6r att lagra narkotika och skeppa den vidare med b\u00e5t.<\/p>\n<p>Inga personer befann sig p\u00e5 platsen vid tillf\u00e4llet och inga d\u00f6dsoffer rapporterades, enligt k\u00e4llorna. Amerikanska specialf\u00f6rband ska ha bist\u00e5tt med underr\u00e4ttelser.<\/p>\n<p>Tidigare amerikanska attacker har varit begr\u00e4nsade till misst\u00e4nkta smuggelb\u00e5tar p\u00e5 internationellt vatten.<\/p>\n<p>Trumps kommentarer om attacken<\/p>\n<p>President Donald Trump medgav i en intervju den 26 december att USA slagit ut n\u00e5gon form av \u201dstor anl\u00e4ggning d\u00e4r fartygen kommer ifr\u00e5n\u201d n\u00e4r han talade om operationen mot Venezuela.<\/p>\n<p>N\u00e4r han fick fr\u00e5gan igen p\u00e5 m\u00e5ndagen sade han att USA attackerade \u201dhamnomr\u00e5det d\u00e4r de lastar b\u00e5tarna med droger\u201d. Han avb\u00f6jde dock att kommentera om attacken genomf\u00f6rdes av milit\u00e4ren eller CIA.<\/p>\n<p>\u2013 S\u00e5 vi slog mot alla b\u00e5tar, och nu slog vi mot omr\u00e5det, sade Trump och tillade:<\/p>\n<p>\u2013 Det \u00e4r operationsomr\u00e5det, det \u00e4r d\u00e4r verksamheten sker, och det finns inte l\u00e4ngre kvar.<\/p>\n","protected":false},"excerpt":{"rendered":"Attacken ska ha riktats mot en avl\u00e4gsen kaj som USA misst\u00e4nkte anv\u00e4ndes av den kriminella organisationen Tren de&hellip;\n","protected":false},"author":2,"featured_media":120384,"comment_status":"","ping_status":"","sticky":false,"template":"","format":"standard","meta":{"footnotes":""},"categories":[5],"tags":[22,23,26,27,17,21,24,25,28,29,15,16,18,34,31,33,32,30,19,20],"class_list":{"0":"post-120383","1":"post","2":"type-post","3":"status-publish","4":"format-standard","5":"has-post-thumbnail","7":"category-rubriker","8":"tag-breaking-news","9":"tag-breakingnews","10":"tag-featured-news","11":"tag-featurednews","12":"tag-headlines","13":"tag-huvudnyheter","14":"tag-latest-news","15":"tag-latestnews","16":"tag-main-news","17":"tag-mainnews","18":"tag-news","19":"tag-nyheter","20":"tag-rubriker","21":"tag-se","22":"tag-svenska","23":"tag-sverige","24":"tag-sweden","25":"tag-swedish","26":"tag-top-stories","27":"tag-topstories"},"share_on_mastodon":{"url":"https:\/\/pubeurope.com\/@se\/115806221263662643","error":""},"_links":{"self":[{"href":"https:\/\/www.europesays.com\/se\/wp-json\/wp\/v2\/posts\/120383","targetHints":{"allow":["GET"]}}],"collection":[{"href":"https:\/\/www.europesays.com\/se\/wp-json\/wp\/v2\/posts"}],"about":[{"href":"https:\/\/www.europesays.com\/se\/wp-json\/wp\/v2\/types\/post"}],"author":[{"embeddable":true,"href":"https:\/\/www.europesays.com\/se\/wp-json\/wp\/v2\/users\/2"}],"replies":[{"embeddable":true,"href":"https:\/\/www.europesays.com\/se\/wp-json\/wp\/v2\/comments?post=120383"}],"version-history":[{"count":0,"href":"https:\/\/www.europesays.com\/se\/wp-json\/wp\/v2\/posts\/120383\/revisions"}],"wp:featuredmedia":[{"embeddable":true,"href":"https:\/\/www.europesays.com\/se\/wp-json\/wp\/v2\/media\/120384"}],"wp:attachment":[{"href":"https:\/\/www.europesays.com\/se\/wp-json\/wp\/v2\/media?parent=120383"}],"wp:term":[{"taxonomy":"category","embeddable":true,"href":"https:\/\/www.europesays.com\/se\/wp-json\/wp\/v2\/categories?post=120383"},{"taxonomy":"post_tag","embeddable":true,"href":"https:\/\/www.europesays.com\/se\/wp-json\/wp\/v2\/tags?post=120383"}],"curies":[{"name":"wp","href":"https:\/\/api.w.org\/{rel}","templated":true}]}}