{"id":120386,"date":"2025-12-30T02:49:42","date_gmt":"2025-12-30T02:49:42","guid":{"rendered":"https:\/\/www.europesays.com\/se\/120386\/"},"modified":"2025-12-30T02:49:42","modified_gmt":"2025-12-30T02:49:42","slug":"nytt-rekordar-for-oresundsbron","status":"publish","type":"post","link":"https:\/\/www.europesays.com\/se\/120386\/","title":{"rendered":"Nytt rekord\u00e5r f\u00f6r \u00d6resundsbron"},"content":{"rendered":"<p class=\"boxtextgrotesk-root_baa6 hyperion-css-7pajle\">Uppdaterad 02.21 | Publicerad 02.08<\/p>\n<p>share-arrowDela<\/p>\n<p>unsaveSpara<\/p>\n<p>expand-left<\/p>\n<p>helsk\u00e4rm<img decoding=\"async\" class=\"image-asset hyperion-css-u06ts1\" data-test-tag=\"image-asset\" src=\"https:\/\/www.europesays.com\/se\/wp-content\/uploads\/2025\/12\/bfd3131a-b6f3-4796-a6e3-7a0f9e8610ad.jpeg\"  alt=\"\u00d6resundsbron sl\u00e5r trafikrekord \u2013 f\u00f6r andra \u00e5ret i rad. Arkivbild.\"  loading=\"eager\" fetchpriority=\"high\" style=\"aspect-ratio:1900 \/ 1346\"\/>\u00d6resundsbron sl\u00e5r trafikrekord \u2013 f\u00f6r andra \u00e5ret i rad. Arkivbild. Foto: Johan Nilsson\/TT<\/p>\n<p class=\"hyperion-css-1shl3oz\" data-test-tag=\"lead-text\">\u00d6resundsbron sl\u00e5r nytt rekord i antalet passager \u2013 f\u00f6r andra \u00e5ret i rad. Det sker samtidigt som bron firar 25 \u00e5r.<\/p>\n<p class=\"hyperion-css-1v9qo5x\">Till ny\u00e5r f\u00f6rv\u00e4ntas n\u00e4rmare \u00e5tta miljoner passager ha gjorts \u00f6ver bron under \u00e5ret, rapporterar SVT Sk\u00e5ne. Det sl\u00e5r f\u00f6rra \u00e5rets rekordsiffror med 5,5 procent.<\/p>\n<p class=\"hyperion-css-1v9qo5x\">Det finns flera orsaker till \u00f6kningen. Lastbilstrafiken har slagit rekord samtidigt som bilpendlingen \u00f6kade med n\u00e4stan nio procent och fritidstrafiken fr\u00e5n Tyskland steg med sex procent.<\/p>\n<p class=\"hyperion-css-1v9qo5x\">Fjol\u00e5rets rekord slogs redan den 8 december.<\/p>\n<p class=\"hyperion-css-1v9qo5x\">\u201dMalm\u00f6 har slagit rekord f\u00f6r g\u00e4stn\u00e4tter under sommaren och K\u00f6penhamns flygplats har liksom \u00d6resundsbron noterat rekord efter rekord f\u00f6r resandet\u201d, s\u00e4ger Linus Eriksson, vd p\u00e5 \u00d6resundsbron i ett pressmeddelande.<\/p>\n<p class=\"hyperion-css-1v9qo5x\">\u00d6resundsbron invigdes \u00e5r 2000 och utg\u00f6r en 16 kilometer l\u00e5ng fast f\u00f6rbindelse mellan Sverige och Danmark.<\/p>\n","protected":false},"excerpt":{"rendered":"Uppdaterad 02.21 | Publicerad 02.08 share-arrowDela unsaveSpara expand-left helsk\u00e4rm\u00d6resundsbron sl\u00e5r trafikrekord \u2013 f\u00f6r andra \u00e5ret i rad. Arkivbild.&hellip;\n","protected":false},"author":2,"featured_media":120387,"comment_status":"","ping_status":"","sticky":false,"template":"","format":"standard","meta":{"footnotes":""},"categories":[65],"tags":[72,70,71,34,31,33,32,30],"class_list":{"0":"post-120386","1":"post","2":"type-post","3":"status-publish","4":"format-standard","5":"has-post-thumbnail","7":"category-ekonomi","8":"tag-business","9":"tag-economy","10":"tag-ekonomi","11":"tag-se","12":"tag-svenska","13":"tag-sverige","14":"tag-sweden","15":"tag-swedish"},"share_on_mastodon":{"url":"https:\/\/pubeurope.com\/@se\/115806244901821135","error":""},"_links":{"self":[{"href":"https:\/\/www.europesays.com\/se\/wp-json\/wp\/v2\/posts\/120386","targetHints":{"allow":["GET"]}}],"collection":[{"href":"https:\/\/www.europesays.com\/se\/wp-json\/wp\/v2\/posts"}],"about":[{"href":"https:\/\/www.europesays.com\/se\/wp-json\/wp\/v2\/types\/post"}],"author":[{"embeddable":true,"href":"https:\/\/www.europesays.com\/se\/wp-json\/wp\/v2\/users\/2"}],"replies":[{"embeddable":true,"href":"https:\/\/www.europesays.com\/se\/wp-json\/wp\/v2\/comments?post=120386"}],"version-history":[{"count":0,"href":"https:\/\/www.europesays.com\/se\/wp-json\/wp\/v2\/posts\/120386\/revisions"}],"wp:featuredmedia":[{"embeddable":true,"href":"https:\/\/www.europesays.com\/se\/wp-json\/wp\/v2\/media\/120387"}],"wp:attachment":[{"href":"https:\/\/www.europesays.com\/se\/wp-json\/wp\/v2\/media?parent=120386"}],"wp:term":[{"taxonomy":"category","embeddable":true,"href":"https:\/\/www.europesays.com\/se\/wp-json\/wp\/v2\/categories?post=120386"},{"taxonomy":"post_tag","embeddable":true,"href":"https:\/\/www.europesays.com\/se\/wp-json\/wp\/v2\/tags?post=120386"}],"curies":[{"name":"wp","href":"https:\/\/api.w.org\/{rel}","templated":true}]}}