{"id":120390,"date":"2025-12-30T02:52:14","date_gmt":"2025-12-30T02:52:14","guid":{"rendered":"https:\/\/www.europesays.com\/se\/120390\/"},"modified":"2025-12-30T02:52:14","modified_gmt":"2025-12-30T02:52:14","slug":"tomasek-atervander-till-svensk-hockey-2","status":"publish","type":"post","link":"https:\/\/www.europesays.com\/se\/120390\/","title":{"rendered":"Toma\u0301s\u030cek \u00e5terv\u00e4nder till svensk hockey"},"content":{"rendered":"<p class=\"boxtextgrotesk-root_baa6 hyperion-css-1w346fg\">Publicerad 2025-12-29 20.45<\/p>\n<p>share-arrowDela<\/p>\n<p>unsaveSpara<\/p>\n<p>expand-left<\/p>\n<p>helsk\u00e4rm<img decoding=\"async\" class=\"image-asset hyperion-css-u06ts1\" data-test-tag=\"image-asset\" src=\"https:\/\/www.europesays.com\/se\/wp-content\/uploads\/2025\/12\/d885c2b1-ddec-4500-a109-ee3db9bc713d.jpeg\"  alt=\"David Toma\u0301s\u030cek \u00e4r tillbaka i F\u00e4rjestad efter en kort sejour i NHL. Arkivbild.\"  loading=\"eager\" fetchpriority=\"high\" style=\"aspect-ratio:1900 \/ 1265\"\/>David Toma\u0301s\u030cek \u00e4r tillbaka i F\u00e4rjestad efter en kort sejour i NHL. Arkivbild. Foto: Tommy Pedersen\/TT<\/p>\n<p class=\"hyperion-css-1shl3oz\" data-test-tag=\"lead-text\">David Toma\u0301s\u030cek br\u00f6t kontraktet med NHL-klubben Edmonton. Nu \u00e4r det officiellt att tjecken \u00e5terv\u00e4nder till SHL och F\u00e4rjestad.<\/p>\n<p class=\"hyperion-css-1v9qo5x\">\u201dKul att vara tillbaka bland bekanta ansikten\u201d, s\u00e4ger Toma\u0301s\u030cek p\u00e5 F\u00e4rjestads webbplats.<\/p>\n<p class=\"hyperion-css-1v9qo5x\">29-\u00e5ringen gjorde stor succ\u00e9 f\u00f6rra s\u00e4songen och vann po\u00e4ngligan i SHL p\u00e5 24 m\u00e5l och 33 assist p\u00e5 47 matcher.<\/p>\n<p class=\"hyperion-css-1v9qo5x\">Efter s\u00e4songen l\u00e4mnade Toma\u0301s\u030cek f\u00f6r Edmonton, men d\u00e4r hade han sv\u00e5rt att f\u00e5 speltid, och efter tre m\u00e5l och tv\u00e5 assist p\u00e5 22 matcher br\u00f6ts kontraktet mellan klubben och forwarden.<\/p>\n<p class=\"hyperion-css-1v9qo5x\">Han har sedan dess synts till under tr\u00e4ningar i Karlstad, och det var bara en tidsfr\u00e5ga n\u00e4r \u00e5terkomsten skulle bli officiell.<\/p>\n<p class=\"hyperion-css-1v9qo5x\">Om Toma\u0301s\u030cek kommer vara tillg\u00e4nglig f\u00f6r spel i tisdagens bortamatch mot Fr\u00f6lunda \u00e4r oklart, skriver F\u00e4rjestad.<\/p>\n","protected":false},"excerpt":{"rendered":"Publicerad 2025-12-29 20.45 share-arrowDela unsaveSpara expand-left helsk\u00e4rmDavid Toma\u0301s\u030cek \u00e4r tillbaka i F\u00e4rjestad efter en kort sejour i NHL.&hellip;\n","protected":false},"author":2,"featured_media":120391,"comment_status":"","ping_status":"","sticky":false,"template":"","format":"standard","meta":{"footnotes":""},"categories":[5],"tags":[22,23,26,27,17,21,24,25,28,29,15,16,18,34,31,33,32,30,19,20],"class_list":{"0":"post-120390","1":"post","2":"type-post","3":"status-publish","4":"format-standard","5":"has-post-thumbnail","7":"category-rubriker","8":"tag-breaking-news","9":"tag-breakingnews","10":"tag-featured-news","11":"tag-featurednews","12":"tag-headlines","13":"tag-huvudnyheter","14":"tag-latest-news","15":"tag-latestnews","16":"tag-main-news","17":"tag-mainnews","18":"tag-news","19":"tag-nyheter","20":"tag-rubriker","21":"tag-se","22":"tag-svenska","23":"tag-sverige","24":"tag-sweden","25":"tag-swedish","26":"tag-top-stories","27":"tag-topstories"},"share_on_mastodon":{"url":"https:\/\/pubeurope.com\/@se\/115806256740093611","error":""},"_links":{"self":[{"href":"https:\/\/www.europesays.com\/se\/wp-json\/wp\/v2\/posts\/120390","targetHints":{"allow":["GET"]}}],"collection":[{"href":"https:\/\/www.europesays.com\/se\/wp-json\/wp\/v2\/posts"}],"about":[{"href":"https:\/\/www.europesays.com\/se\/wp-json\/wp\/v2\/types\/post"}],"author":[{"embeddable":true,"href":"https:\/\/www.europesays.com\/se\/wp-json\/wp\/v2\/users\/2"}],"replies":[{"embeddable":true,"href":"https:\/\/www.europesays.com\/se\/wp-json\/wp\/v2\/comments?post=120390"}],"version-history":[{"count":0,"href":"https:\/\/www.europesays.com\/se\/wp-json\/wp\/v2\/posts\/120390\/revisions"}],"wp:featuredmedia":[{"embeddable":true,"href":"https:\/\/www.europesays.com\/se\/wp-json\/wp\/v2\/media\/120391"}],"wp:attachment":[{"href":"https:\/\/www.europesays.com\/se\/wp-json\/wp\/v2\/media?parent=120390"}],"wp:term":[{"taxonomy":"category","embeddable":true,"href":"https:\/\/www.europesays.com\/se\/wp-json\/wp\/v2\/categories?post=120390"},{"taxonomy":"post_tag","embeddable":true,"href":"https:\/\/www.europesays.com\/se\/wp-json\/wp\/v2\/tags?post=120390"}],"curies":[{"name":"wp","href":"https:\/\/api.w.org\/{rel}","templated":true}]}}