{"id":120392,"date":"2025-12-30T02:58:36","date_gmt":"2025-12-30T02:58:36","guid":{"rendered":"https:\/\/www.europesays.com\/se\/120392\/"},"modified":"2025-12-30T02:58:36","modified_gmt":"2025-12-30T02:58:36","slug":"elon-musk-okar-sin-formogenhet-med-50-procent-under-2025","status":"publish","type":"post","link":"https:\/\/www.europesays.com\/se\/120392\/","title":{"rendered":"Elon Musk \u00f6kar sin f\u00f6rm\u00f6genhet med 50 procent under 2025"},"content":{"rendered":"<p class=\"css-176tai ebi15pp2\"><strong>I samband med att<\/strong> USA-b\u00f6rserna st\u00e4ngde f\u00f6r julhelgen har nyhetsbyr\u00e5n Bloomberg sammanst\u00e4llt hur det g\u00e5ngna \u00e5ret utvecklats f\u00f6r n\u00e5gra av v\u00e4rldens mest f\u00f6rm\u00f6gna f\u00f6retagsledare.<\/p>\n<p class=\"css-176tai ebi15pp2\">De tio personerna inom tech-branschen i Bloombergs sammanst\u00e4llning har sett sin gemensamma f\u00f6rm\u00f6genhet \u00f6ka fr\u00e5n 1,9 biljoner dollar till 2,5 biljoner dollar i \u00e5r.<\/p>\n<p class=\"css-176tai ebi15pp2\">Ohotad etta p\u00e5 listan \u00e4r Elon Musk. Tack vare Teslas b\u00f6rsuppg\u00e5ng under h\u00f6sten har hans f\u00f6rm\u00f6genhet vuxit med 49 procent till 645 miljarder dollar.<\/p>\n<p class=\"css-176tai ebi15pp2\"><strong>Tv\u00e5an, molntj\u00e4nstf\u00f6retaget Oracles <\/strong>grundare Larry Page, har visserligen sett en \u00f6kning med 61 procent, allra mest av de tio, men han \u00e4r \u00e4nd\u00e5 rej\u00e4lt distanserad av Musk. 375 miljarder dollar skiljer dem b\u00e5da.<\/p>\n<p class=\"css-176tai ebi15pp2\">Andra namn p\u00e5 listan \u00e4r Nvidias vd Jensen Huang (156 miljarder dollar) och Facebooks vd Mark Zuckerberg (236 miljarder dollar).<\/p>\n<p class=\"css-176tai ebi15pp2\">Bara en av de tio, Microsofts grundare Bill Gates, har under \u00e5ret sett sin f\u00f6rm\u00f6genhet minska. En nedg\u00e5ng med 26 procent g\u00f6r att han nu \u201dbara\u201d \u00e4r god f\u00f6r 118 miljarder dollar.<\/p>\n<p class=\"css-176tai ebi15pp2\"><strong>L\u00e4s mer: <\/strong><strong><a href=\"https:\/\/www.privataaffarer.se\/placeringar\/aktier\/isk-manovern-som-kan-spara-familjen-180-000-kronor\/\" rel=\"nofollow noopener\" target=\"_blank\">ISK-man\u00f6vern som kan spara familjen 180 000 kronor<\/a><\/strong><\/p>\n<p class=\"css-176tai ebi15pp2\"><strong>L\u00e4s mer: <\/strong><strong><a href=\"https:\/\/www.privataaffarer.se\/alla-nyheter\/milstolpar\/brostroms-uppgang-och-fall-redarfamiljen-som-gick-pa-grund\/\" rel=\"nofollow noopener\" target=\"_blank\">Brostr\u00f6ms uppg\u00e5ng och fall: Redarfamiljen som gick p\u00e5 grund<\/a><\/strong><\/p>\n<p class=\"css-176tai ebi15pp2\"><strong>L\u00e4s mer: <\/strong><strong><a href=\"https:\/\/www.privataaffarer.se\/placeringar\/valutor\/spar-nytt-revanschar-for-kronan-starkast-pa-fem-ar\/\" rel=\"nofollow noopener\" target=\"_blank\">Sp\u00e5r nytt revansch\u00e5r f\u00f6r kronan \u2013 starkast p\u00e5 fem \u00e5r<\/a><\/strong><\/p>\n<p class=\"css-176tai ebi15pp2\"><strong>L\u00e4s mer: <\/strong><strong><a href=\"https:\/\/www.privataaffarer.se\/alla-nyheter\/gastkronika\/ahrman-riskspridning-och-aktiva-val-blir-avgorande-2026\/\" rel=\"nofollow noopener\" target=\"_blank\">\u00c5hrman: Riskspridning och aktiva val blir avg\u00f6rande 2026<\/a><\/strong><\/p>\n","protected":false},"excerpt":{"rendered":"I samband med att USA-b\u00f6rserna st\u00e4ngde f\u00f6r julhelgen har nyhetsbyr\u00e5n Bloomberg sammanst\u00e4llt hur det g\u00e5ngna \u00e5ret utvecklats f\u00f6r&hellip;\n","protected":false},"author":2,"featured_media":120393,"comment_status":"","ping_status":"","sticky":false,"template":"","format":"standard","meta":{"footnotes":""},"categories":[65],"tags":[72,70,71,34,31,33,32,30],"class_list":{"0":"post-120392","1":"post","2":"type-post","3":"status-publish","4":"format-standard","5":"has-post-thumbnail","7":"category-ekonomi","8":"tag-business","9":"tag-economy","10":"tag-ekonomi","11":"tag-se","12":"tag-svenska","13":"tag-sverige","14":"tag-sweden","15":"tag-swedish"},"share_on_mastodon":{"url":"https:\/\/pubeurope.com\/@se\/115806280248968491","error":""},"_links":{"self":[{"href":"https:\/\/www.europesays.com\/se\/wp-json\/wp\/v2\/posts\/120392","targetHints":{"allow":["GET"]}}],"collection":[{"href":"https:\/\/www.europesays.com\/se\/wp-json\/wp\/v2\/posts"}],"about":[{"href":"https:\/\/www.europesays.com\/se\/wp-json\/wp\/v2\/types\/post"}],"author":[{"embeddable":true,"href":"https:\/\/www.europesays.com\/se\/wp-json\/wp\/v2\/users\/2"}],"replies":[{"embeddable":true,"href":"https:\/\/www.europesays.com\/se\/wp-json\/wp\/v2\/comments?post=120392"}],"version-history":[{"count":0,"href":"https:\/\/www.europesays.com\/se\/wp-json\/wp\/v2\/posts\/120392\/revisions"}],"wp:featuredmedia":[{"embeddable":true,"href":"https:\/\/www.europesays.com\/se\/wp-json\/wp\/v2\/media\/120393"}],"wp:attachment":[{"href":"https:\/\/www.europesays.com\/se\/wp-json\/wp\/v2\/media?parent=120392"}],"wp:term":[{"taxonomy":"category","embeddable":true,"href":"https:\/\/www.europesays.com\/se\/wp-json\/wp\/v2\/categories?post=120392"},{"taxonomy":"post_tag","embeddable":true,"href":"https:\/\/www.europesays.com\/se\/wp-json\/wp\/v2\/tags?post=120392"}],"curies":[{"name":"wp","href":"https:\/\/api.w.org\/{rel}","templated":true}]}}