{"id":120394,"date":"2025-12-30T03:18:07","date_gmt":"2025-12-30T03:18:07","guid":{"rendered":"https:\/\/www.europesays.com\/se\/120394\/"},"modified":"2025-12-30T03:18:07","modified_gmt":"2025-12-30T03:18:07","slug":"kina-avfyrar-raketer-runt-taiwan","status":"publish","type":"post","link":"https:\/\/www.europesays.com\/se\/120394\/","title":{"rendered":"Kina avfyrar raketer runt Taiwan"},"content":{"rendered":"<p>Kina meddelade p\u00e5 m\u00e5ndagen att landet skulle utf\u00f6ra milit\u00e4r\u00f6vningar i vattnen och luftrummet runt Taiwan. P\u00e5 24 timmar uppt\u00e4cktes 130 kinesiska stridsflyg runt \u00f6n.<\/p>\n<p>Kinas arm\u00e9, flotta, flygvapen och raketstyrka deltar i \u00f6vningarna.<\/p>\n<p>I samband med milit\u00e4r\u00f6vningen passade Kina p\u00e5 att utf\u00e4rda en \u201dallvarlig varning\u201d mot \u201dyttre krafter\u201d att l\u00e4gga sig i Kinas inre angel\u00e4genheter. \u00d6vningen startade knappt tv\u00e5 veckor efter att USA godk\u00e4nt en omfattande f\u00f6rs\u00e4ljning av vapen till Taiwan.<\/p>\n<p>I ett uttalande p\u00e5 tisdagen s\u00e4ger Kinas utrikesminister Wang Yi att Kina kommer att \u201dkraftigt motverka\u201d aff\u00e4ren.<\/p>\n<p>Styret i Peking betraktar Taiwan som en del av Kina, men i praktiken har Taiwan varit sj\u00e4lvstyrande och separat sedan slutet av det kinesiska inb\u00f6rdeskriget 1949.<\/p>\n<p>Kinesiska milit\u00e4ren har sl\u00e4ppt filmer som p\u00e5st\u00e5s visa milit\u00e4r\u00f6vningarna fr\u00e5n g\u00e5rdagen.<\/p>\n","protected":false},"excerpt":{"rendered":"Kina meddelade p\u00e5 m\u00e5ndagen att landet skulle utf\u00f6ra milit\u00e4r\u00f6vningar i vattnen och luftrummet runt Taiwan. P\u00e5 24 timmar&hellip;\n","protected":false},"author":2,"featured_media":120395,"comment_status":"","ping_status":"","sticky":false,"template":"","format":"standard","meta":{"footnotes":""},"categories":[5],"tags":[22,23,26,27,17,21,24,25,28,29,15,16,18,34,31,33,32,30,19,20],"class_list":{"0":"post-120394","1":"post","2":"type-post","3":"status-publish","4":"format-standard","5":"has-post-thumbnail","7":"category-rubriker","8":"tag-breaking-news","9":"tag-breakingnews","10":"tag-featured-news","11":"tag-featurednews","12":"tag-headlines","13":"tag-huvudnyheter","14":"tag-latest-news","15":"tag-latestnews","16":"tag-main-news","17":"tag-mainnews","18":"tag-news","19":"tag-nyheter","20":"tag-rubriker","21":"tag-se","22":"tag-svenska","23":"tag-sverige","24":"tag-sweden","25":"tag-swedish","26":"tag-top-stories","27":"tag-topstories"},"share_on_mastodon":{"url":"https:\/\/pubeurope.com\/@se\/115806358892228364","error":""},"_links":{"self":[{"href":"https:\/\/www.europesays.com\/se\/wp-json\/wp\/v2\/posts\/120394","targetHints":{"allow":["GET"]}}],"collection":[{"href":"https:\/\/www.europesays.com\/se\/wp-json\/wp\/v2\/posts"}],"about":[{"href":"https:\/\/www.europesays.com\/se\/wp-json\/wp\/v2\/types\/post"}],"author":[{"embeddable":true,"href":"https:\/\/www.europesays.com\/se\/wp-json\/wp\/v2\/users\/2"}],"replies":[{"embeddable":true,"href":"https:\/\/www.europesays.com\/se\/wp-json\/wp\/v2\/comments?post=120394"}],"version-history":[{"count":0,"href":"https:\/\/www.europesays.com\/se\/wp-json\/wp\/v2\/posts\/120394\/revisions"}],"wp:featuredmedia":[{"embeddable":true,"href":"https:\/\/www.europesays.com\/se\/wp-json\/wp\/v2\/media\/120395"}],"wp:attachment":[{"href":"https:\/\/www.europesays.com\/se\/wp-json\/wp\/v2\/media?parent=120394"}],"wp:term":[{"taxonomy":"category","embeddable":true,"href":"https:\/\/www.europesays.com\/se\/wp-json\/wp\/v2\/categories?post=120394"},{"taxonomy":"post_tag","embeddable":true,"href":"https:\/\/www.europesays.com\/se\/wp-json\/wp\/v2\/tags?post=120394"}],"curies":[{"name":"wp","href":"https:\/\/api.w.org\/{rel}","templated":true}]}}