{"id":120396,"date":"2025-12-30T03:21:07","date_gmt":"2025-12-30T03:21:07","guid":{"rendered":"https:\/\/www.europesays.com\/se\/120396\/"},"modified":"2025-12-30T03:21:07","modified_gmt":"2025-12-30T03:21:07","slug":"krisen-for-prins-harry-och-meghan-hari-praktiken-stangt-ner","status":"publish","type":"post","link":"https:\/\/www.europesays.com\/se\/120396\/","title":{"rendered":"Krisen f\u00f6r prins Harry och Meghan: \u201dHar\ni praktiken st\u00e4ngt ner\u201d"},"content":{"rendered":"<p>Publicerad 30 dec 2025 kl 04.00<\/p>\n<p>Det forts\u00e4tter g\u00e5 knackigt f\u00f6r prins Harry och Meghans f\u00f6retagande.<\/p>\n<p>Ytterligare chefer l\u00e4mnar \u2013 och enligt <a href=\"https:\/\/pagesix.com\/2025\/12\/29\/royal-family\/prince-harry-and-meghan-markles-entire-brand-in-peril-as-they-lose-head-of-archewell-charity\/?_gl=1*6fddk0*_gcl_au*NTI3MTQzNTk4LjE3NjY3ODQzNDc.*_ga*NDcyNzMxNzE4LjE3NjY3ODQyNzM.*_ga_0DZ7LHF5PZ*czE3NjcwNDM0OTMkbzYkZzEkdDE3NjcwNDc2MjYkajYwJGwwJGgw\" rel=\"nofollow noopener\" target=\"_blank\">Page Six<\/a> har personalstyrkan kapats rej\u00e4lt sista \u00e5ret.<\/p>\n<p>Nu \u00e4r det bara ja-s\u00e4gare kvar, menar en k\u00e4lla.<\/p>\n<p><img   alt=\"\"\/> <\/p>\n<p>Foto: Best Image\/IBL<\/p>\n<p>\u00d6ppna bild i helsk\u00e4rm<\/p>\n<p>Senast i raden avhopp \u00e4r nu James Holt, chef f\u00f6r v\u00e4lg\u00f6renhetsorganisation Archewell Philanthropies, som v\u00e4ljer att l\u00e4mna efter fem \u00e5r p\u00e5 posten. Innan det valde parets elfte PR-chef p\u00e5 fem \u00e5r att kasta in <a href=\"https:\/\/www.expressen.se\/nyheter\/kungligt\/krisen-for-svara-paret-tappar-elfte-pa-fem-ar\/\" rel=\"nofollow noopener\" target=\"_blank\">handduken efter minder \u00e4n ett \u00e5r.<\/a><\/p>\n<p>Det har tidigare \u00e5terkommande kommit kritik fr\u00e5n anst\u00e4llda i parets gemensamma organisation Archewell, d\u00e4r bland annat v\u00e4lg\u00f6renhetsorganisation ing\u00e5r.<\/p>\n<p>\u2013 Under hela tiden jag jobbade d\u00e4r tror jag inte att jag h\u00f6rde en enda d\u00e5varande eller tidigare anst\u00e4llt i deras personal s\u00e4ga att de skulle s\u00e4ga ja till jobbet om de fick fr\u00e5gan p\u00e5 nytt, sa en tidigare anst\u00e4lld f\u00f6rra \u00e5ret.<\/p>\n<p>\u00c4ven f\u00f6r parets produktionsbolag Archewell Productions, som bland annat producerat den <a href=\"https:\/\/www.expressen.se\/nyheter\/kungligt\/meghans-nya-serie-sagas-hart-av-alla\/\" rel=\"nofollow noopener\" target=\"_blank\">s\u00e5gade Netflix-serien \u201dWith Love, Meghan\u201d<\/a>, g\u00e5r det tufft.<\/p>\n<p>Kan tvingas s\u00e4lja<\/p>\n<p>Enligt Page Six har man f\u00e5tt minska sin personalstyrka med mer \u00e4n 80 procent bara det senaste \u00e5ret \u2013 och fler kan beh\u00f6va l\u00e4mna om inte serien f\u00e5r en ny s\u00e4song.<\/p>\n<p>\u2013 De f\u00e5 som \u00e4r kvar \u00e4r mest ja-s\u00e4gare som \u00e4r f\u00f6r\u00e4lskade i det paret en g\u00e5ng var \u2013 inte i vad de \u00e4r i dag, s\u00e4ger en k\u00e4lla med insyn till tidningen.<\/p>\n<p>\u2013 De har i praktiken st\u00e4ngt ner Archewell.<\/p>\n<p>Enligt tidningens uppgifter \u00f6verv\u00e4ger paret att s\u00e4lja av hela organisationen p\u00e5 grund av det ekonomiska l\u00e4get.<\/p>\n<p>V\u00e4lg\u00f6renhetschefen James Holt ska enligt Archewell nu flytta hem tll Londno \u2013 men forts\u00e4tta jobba f\u00f6r paret som konsult.<\/p>\n<p>Liknande saker har man h\u00f6rt f\u00f6rut, menar en annan uppgiftsl\u00e4mnare till Page Six.<\/p>\n<p>\u2013 Varje g\u00e5ng n\u00e5gon l\u00e4mnar s\u00e4ger Harry och Meghan att personen kommer att vara kvar i n\u00e5gon roll \u2013 men de h\u00f6rs aldrig av igen, s\u00e4ger personen.<\/p>\n","protected":false},"excerpt":{"rendered":"Publicerad 30 dec 2025 kl 04.00 Det forts\u00e4tter g\u00e5 knackigt f\u00f6r prins Harry och Meghans f\u00f6retagande. Ytterligare chefer&hellip;\n","protected":false},"author":2,"featured_media":120397,"comment_status":"","ping_status":"","sticky":false,"template":"","format":"standard","meta":{"footnotes":""},"categories":[67],"tags":[104,1839,5175,2056,34,612,31,33,32,30,5003,105],"class_list":{"0":"post-120396","1":"post","2":"type-post","3":"status-publish","4":"format-standard","5":"has-post-thumbnail","7":"category-underhallning","8":"tag-entertainment","9":"tag-organization-netflix","10":"tag-person-hertiginnan-meghan","11":"tag-person-prins-harry","12":"tag-se","13":"tag-sections-kungligt","14":"tag-svenska","15":"tag-sverige","16":"tag-sweden","17":"tag-swedish","18":"tag-topic-valgorenhet","19":"tag-underhallning"},"share_on_mastodon":{"url":"https:\/\/pubeurope.com\/@se\/115806370726978372","error":""},"_links":{"self":[{"href":"https:\/\/www.europesays.com\/se\/wp-json\/wp\/v2\/posts\/120396","targetHints":{"allow":["GET"]}}],"collection":[{"href":"https:\/\/www.europesays.com\/se\/wp-json\/wp\/v2\/posts"}],"about":[{"href":"https:\/\/www.europesays.com\/se\/wp-json\/wp\/v2\/types\/post"}],"author":[{"embeddable":true,"href":"https:\/\/www.europesays.com\/se\/wp-json\/wp\/v2\/users\/2"}],"replies":[{"embeddable":true,"href":"https:\/\/www.europesays.com\/se\/wp-json\/wp\/v2\/comments?post=120396"}],"version-history":[{"count":0,"href":"https:\/\/www.europesays.com\/se\/wp-json\/wp\/v2\/posts\/120396\/revisions"}],"wp:featuredmedia":[{"embeddable":true,"href":"https:\/\/www.europesays.com\/se\/wp-json\/wp\/v2\/media\/120397"}],"wp:attachment":[{"href":"https:\/\/www.europesays.com\/se\/wp-json\/wp\/v2\/media?parent=120396"}],"wp:term":[{"taxonomy":"category","embeddable":true,"href":"https:\/\/www.europesays.com\/se\/wp-json\/wp\/v2\/categories?post=120396"},{"taxonomy":"post_tag","embeddable":true,"href":"https:\/\/www.europesays.com\/se\/wp-json\/wp\/v2\/tags?post=120396"}],"curies":[{"name":"wp","href":"https:\/\/api.w.org\/{rel}","templated":true}]}}