{"id":120398,"date":"2025-12-30T03:26:22","date_gmt":"2025-12-30T03:26:22","guid":{"rendered":"https:\/\/www.europesays.com\/se\/120398\/"},"modified":"2025-12-30T03:26:22","modified_gmt":"2025-12-30T03:26:22","slug":"har-varit-tydlig-med-vad-som-galler","status":"publish","type":"post","link":"https:\/\/www.europesays.com\/se\/120398\/","title":{"rendered":"\u201dHar varit tydlig med vad som g\u00e4ller\u201d"},"content":{"rendered":"<p>Veckan innan jul <a href=\"https:\/\/www.svt.se\/kultur\/gina-dirawi-och-hampus-nessvold-programledare-for-mello-2025\" rel=\"nofollow noopener\" target=\"_blank\">meddelade SVT<\/a> att Hampus Nessvold och Gina Dirawi kommer programleda Melodifestivalen n\u00e4sta \u00e5r.<\/p>\n<p>\u2013 Se Gina som nyckelh\u00e5lsm\u00e4rket i denna duo, den kvalitetss\u00e4krade och mig som the loose cannon, sade debuterande Nessvold till SVT Nyheter Kultur.<\/p>\n<p>\u2013 Att nu f\u00f6r fj\u00e4rde g\u00e5ngen f\u00e5 komma tillbaka till platsen som fick mig att k\u00e4nna mig hemma som barn, och dessutom tillsammans med Hampus, k\u00e4nns otroligt roligt, sade veteranen Dirawi, som lett Melodifestivalen 2012, 2013 och 2016.<\/p>\n<p> Dirawi 2010: \u201dIsrael tar efter Hitler\u201d <\/p>\n<p>N\u00e4r Dirawi f\u00f6rsta g\u00e5nge fick uppdraget \u00e5r 2012 <a href=\"https:\/\/www.svt.se\/kultur\/20111104113039_gina_dirawi_klumpig_och_ogenomtankt_formulering\" rel=\"nofollow noopener\" target=\"_blank\">uppm\u00e4rksammades<\/a> ett blogginl\u00e4gg hon skrivit i maj 2010 med rubriken \u201dIsrael tar efter Hitler\u201d, d\u00e4r hon bland annat skrev: \u201dSka man terroristst\u00e4mpla Hamas, s\u00e5 ska man fan inte gl\u00f6mma de st\u00f6rsta terroristerna, ISRAEL!\u201d<\/p>\n<p>I en urs\u00e4kt p\u00e5 samma blogg skrev Dirawi att hon \u201dtar avst\u00e5nd fr\u00e5n alla j\u00e4mf\u00f6relser mellan Israels agerande och F\u00f6rintelsen. Det var en klumpig och ogenomt\u00e4nkt formulering som jag \u00e5ngrar idag.\u201d<\/p>\n<p>Det var emellertid en omv\u00e4ndelse under galgen, d\u00e5 SVT:s d\u00e5varande ommunikationsdirekt\u00f6r Helga Baag\u00f8e sade till SVT att hennes avst\u00e5ndstagande fr\u00e5n sitt tidigare \u201dickedemokratiska\u201d inl\u00e4gg var en f\u00f6ruts\u00e4ttning f\u00f6r att f\u00e5 beh\u00e5lla uppdraget.<\/p>\n<p>\u2013 Hon m\u00e5ste \u00f6vertyga oss om att hon inte menar det som man kan uppfatta att hon menar, det som \u00e4r ickedemokratiskt, sade Baag\u00f8e.\u2019<\/p>\n<p> Tipsade om F\u00f6rintelsef\u00f6rnekare <\/p>\n<p>I november samma \u00e5r hamnade Dirawi \u00e5ter i bl\u00e5sv\u00e4der med antisemitisk koppling, d\u00e5 hon tipsat om en bok av F\u00f6rintelsef\u00f6rnekaren Lasse Wilhelmsson p\u00e5 sin blogg.<\/p>\n<p>\u2013 En bok \u00e4r en bok, jag tycker inte som den h\u00e4r boken s\u00e4ger bara f\u00f6r att jag l\u00e4ser den. Problemet var att jag lade upp bilden, jag kommenterade inte och d\u00e5 kan folk missuppfatta: \u201dMen gud, h\u00e5ller hon med den h\u00e4r boken?\u201d, s\u00e4ger Dirawi <a href=\"https:\/\/www.svt.se\/kultur\/gina-dirawi-jag-har-varit-dum\" rel=\"nofollow noopener\" target=\"_blank\">till SVT:s Kulturnyheterna.<\/a><\/p>\n<p>Den f\u00f6rklaringen var tillr\u00e4cklig f\u00f6r SVT, som l\u00e4t Dirawi programleda Melodifestivalen \u00e4ven f\u00f6ljande \u00e5r samt \u00e5r 2016, samt vara julv\u00e4rd \u00e5r 2015.<\/p>\n<p>I samband med att Dirawi var julv\u00e4rd f\u00f6rsvarades hon av Svenska Kommitt\u00e9n mot Antisemitism, som tidigare kritiserat hennes tips om Wilhelmssons bok.<\/p>\n<p>\u201dGina Dirawi tog avst\u00e5nd och bad om urs\u00e4kt f\u00f6r flera \u00e5r sedan. Den nu p\u00e5g\u00e5ende hetsen mot Dirawi som muslim \u00e4r vederv\u00e4rdig\u201d <a href=\"https:\/\/www.svd.se\/a\/96a1fa80-92a0-420f-a595-d46f57aec5b2\/kritiken-mot-dirawi-vedervardig\" rel=\"nofollow noopener\" target=\"_blank\">skrev SKMA<\/a>.<\/p>\n<p> Sommarpratet: \u201dPalestinier f\u00e5r inte finnas\u201d <\/p>\n<p>Sedan Gazakriget inleddes har Dirawi publicerat flera Israelkritiska inl\u00e4gg p\u00e5 sociala medier, bland annat ett som h\u00e4nvisar till ett falskt p\u00e5st\u00e5ende fr\u00e5n i maj i \u00e5r om att 14 000 palestinska sp\u00e4dbarn riskerade att d\u00f6 om inte n\u00f6dhj\u00e4lp n\u00e5dde fram<\/p>\n<p>Under \u00e5rets sommarprat i P1 tog Dirawi \u00e4ven upp Gazakriget, och sade bland annat att \u201dPalestinier har inget v\u00e4rde. Palestinier \u00e4r inte skyddade. Palestinier f\u00e5r inte finnas.\u201d<\/p>\n<p> Anklagar Israel f\u00f6r folkmord <\/p>\n<p>Efter att SVT meddelat att Dirawi \u00e5ter f\u00e5r leda Melodifestivalen skrev hon p\u00e5 annandagen ett inl\u00e4gg p\u00e5 Facebook med h\u00e5rd kritik mot Eurovision \u201dsom under l\u00e5ng tid f\u00f6rbjudit palestinska flaggor &amp; som i dag bojkottas runt om i Europa.\u201d<\/p>\n<p>\u201dVissa menar att min n\u00e4rvaro riskerar att normalisera en institution som exkluderar &amp; avhumaniserar palestinska r\u00f6ster. Det resonemanget b\u00e4r jag respekt och empati f\u00f6r\u201d fortsatte Dirawi, som dock menade att \u201dMello \u00e4r en spegel av Sverige. Palestinier f\u00e5r inte saknas i den spegelbilden.\u201d<\/p>\n<p>\u201dMin medverkan befriar varken SVT eller EBU fr\u00e5n ansvar. Det \u00e4r de som m\u00e5ste svara p\u00e5 hur allvarliga anklagelser om brott mot m\u00e4nskligheten &amp; f*lkmord kan samexistera med en t\u00e4vling som s\u00e4ger sig handla om fred, gemenskap &amp; medm\u00e4nskliga v\u00e4rden\u201d skrev Diwari vidare.<\/p>\n<p> Kritiken: \u201dStrider mot allt SVT och Melodifestivalen s\u00e4ger sig st\u00e5 f\u00f6r\u201d <\/p>\n<p>I ett inl\u00e4gg p\u00e5 Facebook samma dag skrev tidigare M-poltikern och Eurovision-vinnaren Richard Herrey att Dirawis inl\u00e4gg \u201dstrider mot allt SVT och Melodifestivalen s\u00e4ger sig st\u00e5 f\u00f6r.\u201d<\/p>\n<p>\u201dVederb\u00f6rande beskriver sin egen medverkan som ett politiskt viktigt st\u00e4llningstagande, och som symboliskt viktigt i en mycket infekterad och kontroversiell politisk fr\u00e5ga\u201d forts\u00e4tter Herrey.<\/p>\n<p>\u2013 SVT har sin policy och \u00e4r v\u00e4ldigt noggranna i vissa skeenden med att saker inte ska vara politiska. Men i det h\u00e4r fallet g\u00e5r programledaren sj\u00e4lv ut och i princip s\u00e4ger att det \u00e4r politiskt och en viktig symbolisk handling att hon ska vara med, s\u00e4ger Herrey t<a href=\"https:\/\/www.aftonbladet.se\/nojesbladet\/melodifestivalen\/a\/M7RanR\/gina-dirawi-kritiseras-efter-uttlande-om-melodifestivalen-och-palestinier\" rel=\"nofollow noopener\" target=\"_blank\">ill Aftobladet<\/a>.<\/p>\n<p>\u2013 Det h\u00e4r strider ju mot allt som SVT s\u00e4ger sig ska g\u00f6ra och de ansvar de s\u00e4ger att de tar. Om SVT verkligen s\u00e4ger sig ha de h\u00e4r principerna som de s\u00e4ger sig ha, d\u00e5 m\u00e5ste de ocks\u00e5 visa att de har det. Nu k\u00e4nns det som de g\u00e5r rakt emot sina egna principer, forts\u00e4tter han.<\/p>\n<p>\u00c4ven tidigare riksdagsledamoten (S) och kr\u00f6nik\u00f6ren Widar Andersson \u00e4r kritisk.<\/p>\n<p>\u201dAtt SVT nu f\u00f6r fj\u00e4rde g\u00e5ngen anlitar en allm\u00e4nt k\u00e4nd palestinsk aktivist som programledare f\u00f6r sin i s\u00e4rklass st\u00f6rsta produktion Melodifestivalen \u00e4r sj\u00e4lvklart illa nog. En person som j\u00e4mf\u00f6r ett av deltagarl\u00e4nderna i Melodifestivalens forts\u00e4ttning ESC med Hitler ska sj\u00e4lvfallet inte ha ledande roller p\u00e5 SVT\u201d skriver han <a href=\"https:\/\/kvartal.se\/widarandersson\/tankar\/cG9zdDo0MDY2MQ\" rel=\"nofollow noopener\" target=\"_blank\">p\u00e5 Kvartal<\/a> och forts\u00e4tter:<\/p>\n<p>\u201dAtt SVT: s chefer i dessa tider av judehat (&#8230;) \u00e5terigen anlitar aktivisten \u00e4r inget annat \u00e4n obegripligt. Jag \u00e4r en stor v\u00e4n av public service, Men det kr\u00e4vs chefer som fattar vad de leder f\u00f6r slags verksamhet. Jag litar p\u00e5 att SVT: s vd Anne Lagercrantz inser allvaret och ansvaret.\u201d<\/p>\n<p> \u201dHar varit tydlig med vad som g\u00e4ller f\u00f6r programledare p\u00e5 SVT\u201d <\/p>\n<p>Melodifestivalens projektledare Anders Wistbacka skriver i ett mejl till Aftobladet att han \u201dhar sett Ginas inl\u00e4gg.\u201d<\/p>\n<p>\u201dDet kom ov\u00e4ntat och jag och Gina har talat med varandra om det. Jag har varit tydlig med vad som g\u00e4ller f\u00f6r programledare p\u00e5 SVT\u201d forts\u00e4tter han.<\/p>\n<p>\u201dAlla har r\u00e4tt till sina \u00e5sikter. Det avg\u00f6rande f\u00f6r v\u00e5r del \u00e4r att personliga \u00e5sikter i kontroversiella fr\u00e5gor inte ska uttryckas av f\u00f6retr\u00e4dare f\u00f6r SVT. Fr\u00e5n nu och till efter Melodifestivalen utg\u00e5r jag ifr\u00e5n att Gina inte g\u00f6r fler uttalanden av den h\u00e4r sorten\u201d skriver Wistbacka vidare.<\/p>\n<p>Bulletin s\u00f6ker Anders Wistbacka och SVT, som p\u00e5 eftermiddagen \u00e5terkom med samma kommentar som Wistbacka tidigare gett Aftonbladet.<\/p>\n<p>faktaBulletins fr\u00e5gor till SVT<\/p>\n<p>Vad \u00e4r det exakt som g\u00e4ller f\u00f6r en programledare p\u00e5 SVT?<\/p>\n<p>Gina Dirawi har tidigare publicerat flera israel-kritiska inl\u00e4gg p\u00e5 sociala medier. Varf\u00f6r valde ni att l\u00e5ta henne vara programledare just i \u00e5r, n\u00e4r Israels medverkan \u00e4r f\u00f6rem\u00e5l f\u00f6r intensiv debatt?<\/p>\n<p>N\u00e4r hon tog uppdraget, var Gina inte p\u00e5 det klara med att uppdraget \u00e4r of\u00f6renligt med ytterligare politiska inl\u00e4gg?<\/p>\n<p>Vad h\u00e4nder om Gina skriver fler Israel-kritiska inl\u00e4gg p\u00e5 sociala medier?<\/p>\n","protected":false},"excerpt":{"rendered":"Veckan innan jul meddelade SVT att Hampus Nessvold och Gina Dirawi kommer programleda Melodifestivalen n\u00e4sta \u00e5r. \u2013 Se&hellip;\n","protected":false},"author":2,"featured_media":120399,"comment_status":"","ping_status":"","sticky":false,"template":"","format":"standard","meta":{"footnotes":""},"categories":[5],"tags":[22,23,26,27,17,21,24,25,28,29,15,16,18,34,31,33,32,30,19,20],"class_list":{"0":"post-120398","1":"post","2":"type-post","3":"status-publish","4":"format-standard","5":"has-post-thumbnail","7":"category-rubriker","8":"tag-breaking-news","9":"tag-breakingnews","10":"tag-featured-news","11":"tag-featurednews","12":"tag-headlines","13":"tag-huvudnyheter","14":"tag-latest-news","15":"tag-latestnews","16":"tag-main-news","17":"tag-mainnews","18":"tag-news","19":"tag-nyheter","20":"tag-rubriker","21":"tag-se","22":"tag-svenska","23":"tag-sverige","24":"tag-sweden","25":"tag-swedish","26":"tag-top-stories","27":"tag-topstories"},"share_on_mastodon":{"url":"https:\/\/pubeurope.com\/@se\/115806390370240651","error":""},"_links":{"self":[{"href":"https:\/\/www.europesays.com\/se\/wp-json\/wp\/v2\/posts\/120398","targetHints":{"allow":["GET"]}}],"collection":[{"href":"https:\/\/www.europesays.com\/se\/wp-json\/wp\/v2\/posts"}],"about":[{"href":"https:\/\/www.europesays.com\/se\/wp-json\/wp\/v2\/types\/post"}],"author":[{"embeddable":true,"href":"https:\/\/www.europesays.com\/se\/wp-json\/wp\/v2\/users\/2"}],"replies":[{"embeddable":true,"href":"https:\/\/www.europesays.com\/se\/wp-json\/wp\/v2\/comments?post=120398"}],"version-history":[{"count":0,"href":"https:\/\/www.europesays.com\/se\/wp-json\/wp\/v2\/posts\/120398\/revisions"}],"wp:featuredmedia":[{"embeddable":true,"href":"https:\/\/www.europesays.com\/se\/wp-json\/wp\/v2\/media\/120399"}],"wp:attachment":[{"href":"https:\/\/www.europesays.com\/se\/wp-json\/wp\/v2\/media?parent=120398"}],"wp:term":[{"taxonomy":"category","embeddable":true,"href":"https:\/\/www.europesays.com\/se\/wp-json\/wp\/v2\/categories?post=120398"},{"taxonomy":"post_tag","embeddable":true,"href":"https:\/\/www.europesays.com\/se\/wp-json\/wp\/v2\/tags?post=120398"}],"curies":[{"name":"wp","href":"https:\/\/api.w.org\/{rel}","templated":true}]}}