{"id":120400,"date":"2025-12-30T03:34:12","date_gmt":"2025-12-30T03:34:12","guid":{"rendered":"https:\/\/www.europesays.com\/se\/120400\/"},"modified":"2025-12-30T03:34:12","modified_gmt":"2025-12-30T03:34:12","slug":"vi-har-inte-attackerat-putins-palats","status":"publish","type":"post","link":"https:\/\/www.europesays.com\/se\/120400\/","title":{"rendered":"Vi har inte attackerat Putins palats"},"content":{"rendered":"<p>Enligt rysk utsago ska Putins residens i Novgorod-regionen ha attackerats med 91 dr\u00f6nare natten till m\u00e5ndag, p\u00e5st\u00e5r ryske utrikesministern Sergej Lavrov. Alla dr\u00f6nare ska ha skjutits ned, p\u00e5st\u00e5r han vidare enligt statligt kontrollerade Tass.<\/p>\n<p>Ryssland kommer d\u00e4rf\u00f6r att \u201dompr\u00f6va sin f\u00f6rhandlingsposition\u201d, uppger Lavrov. Han utlovar ocks\u00e5 ett ryskt svar p\u00e5 den p\u00e5st\u00e5dda attacken.<\/p>\n","protected":false},"excerpt":{"rendered":"Enligt rysk utsago ska Putins residens i Novgorod-regionen ha attackerats med 91 dr\u00f6nare natten till m\u00e5ndag, p\u00e5st\u00e5r ryske&hellip;\n","protected":false},"author":2,"featured_media":120401,"comment_status":"","ping_status":"","sticky":false,"template":"","format":"standard","meta":{"footnotes":""},"categories":[5],"tags":[22,23,26,27,17,21,24,25,28,29,15,16,18,34,31,33,32,30,19,20],"class_list":{"0":"post-120400","1":"post","2":"type-post","3":"status-publish","4":"format-standard","5":"has-post-thumbnail","7":"category-rubriker","8":"tag-breaking-news","9":"tag-breakingnews","10":"tag-featured-news","11":"tag-featurednews","12":"tag-headlines","13":"tag-huvudnyheter","14":"tag-latest-news","15":"tag-latestnews","16":"tag-main-news","17":"tag-mainnews","18":"tag-news","19":"tag-nyheter","20":"tag-rubriker","21":"tag-se","22":"tag-svenska","23":"tag-sverige","24":"tag-sweden","25":"tag-swedish","26":"tag-top-stories","27":"tag-topstories"},"share_on_mastodon":{"url":"https:\/\/pubeurope.com\/@se\/115806421862185966","error":""},"_links":{"self":[{"href":"https:\/\/www.europesays.com\/se\/wp-json\/wp\/v2\/posts\/120400","targetHints":{"allow":["GET"]}}],"collection":[{"href":"https:\/\/www.europesays.com\/se\/wp-json\/wp\/v2\/posts"}],"about":[{"href":"https:\/\/www.europesays.com\/se\/wp-json\/wp\/v2\/types\/post"}],"author":[{"embeddable":true,"href":"https:\/\/www.europesays.com\/se\/wp-json\/wp\/v2\/users\/2"}],"replies":[{"embeddable":true,"href":"https:\/\/www.europesays.com\/se\/wp-json\/wp\/v2\/comments?post=120400"}],"version-history":[{"count":0,"href":"https:\/\/www.europesays.com\/se\/wp-json\/wp\/v2\/posts\/120400\/revisions"}],"wp:featuredmedia":[{"embeddable":true,"href":"https:\/\/www.europesays.com\/se\/wp-json\/wp\/v2\/media\/120401"}],"wp:attachment":[{"href":"https:\/\/www.europesays.com\/se\/wp-json\/wp\/v2\/media?parent=120400"}],"wp:term":[{"taxonomy":"category","embeddable":true,"href":"https:\/\/www.europesays.com\/se\/wp-json\/wp\/v2\/categories?post=120400"},{"taxonomy":"post_tag","embeddable":true,"href":"https:\/\/www.europesays.com\/se\/wp-json\/wp\/v2\/tags?post=120400"}],"curies":[{"name":"wp","href":"https:\/\/api.w.org\/{rel}","templated":true}]}}