{"id":120404,"date":"2025-12-30T03:56:08","date_gmt":"2025-12-30T03:56:08","guid":{"rendered":"https:\/\/www.europesays.com\/se\/120404\/"},"modified":"2025-12-30T03:56:08","modified_gmt":"2025-12-30T03:56:08","slug":"saudiarabien-bombar-stad-i-jemen","status":"publish","type":"post","link":"https:\/\/www.europesays.com\/se\/120404\/","title":{"rendered":"Saudiarabien bombar stad i Jemen"},"content":{"rendered":"<p class=\"boxtextgrotesk-root_baa6 hyperion-css-7pajle\">Uppdaterad 03.39 | Publicerad 03.26<\/p>\n<p>share-arrowDela<\/p>\n<p>unsaveSpara<\/p>\n<p>expand-left<\/p>\n<p>helsk\u00e4rm<img decoding=\"async\" class=\"image-asset hyperion-css-u06ts1\" data-test-tag=\"image-asset\" src=\"https:\/\/www.europesays.com\/se\/wp-content\/uploads\/2025\/12\/5d34c273-88ca-4e01-b51e-22e534a76f7e.jpeg\"  alt=\"Inb\u00f6rdeskriget har rasat i Jemen i mer \u00e4n ett \u00e5rtionde. Bild fr\u00e5n huvudstaden Sanaa, mars 2025.\"  loading=\"eager\" fetchpriority=\"high\" style=\"aspect-ratio:1900 \/ 1267\"\/>Inb\u00f6rdeskriget har rasat i Jemen i mer \u00e4n ett \u00e5rtionde. Bild fr\u00e5n huvudstaden Sanaa, mars 2025. Foto: Osamah Abdulrahman\/AP\/TT<\/p>\n<p class=\"hyperion-css-1shl3oz\" data-test-tag=\"lead-text\">Saudiarabien uppger att landet bombat hamnstaden Mukalla i Jemen p\u00e5 grund av en vapenleverans till en separatiststyrka.<\/p>\n<p class=\"hyperion-css-1v9qo5x\">Leveransen uppges ha kommit med skepp fr\u00e5n F\u00f6renade arabemiraten.<\/p>\n<p class=\"hyperion-css-1v9qo5x\">Den jemenitiska regeringen, som erk\u00e4nns av det internationella samfundet som landets legitima styre, h\u00e5ller Saudiarabien som sin huvudsakliga allierade.<\/p>\n<p class=\"hyperion-css-1v9qo5x\">Inb\u00f6rdeskriget har rasat i Jemen i mer \u00e4n ett \u00e5rtionde.<\/p>\n<p class=\"hyperion-css-1v9qo5x\">F\u00f6renade arabemiraten har \u00e4n s\u00e5 l\u00e4nge inte kommenterat h\u00e4ndelsen.<\/p>\n","protected":false},"excerpt":{"rendered":"Uppdaterad 03.39 | Publicerad 03.26 share-arrowDela unsaveSpara expand-left helsk\u00e4rmInb\u00f6rdeskriget har rasat i Jemen i mer \u00e4n ett \u00e5rtionde.&hellip;\n","protected":false},"author":2,"featured_media":120405,"comment_status":"","ping_status":"","sticky":false,"template":"","format":"standard","meta":{"footnotes":""},"categories":[14],"tags":[22,23,26,27,17,21,24,25,28,29,15,16,18,34,31,33,32,30,19,20,51,52,53,54],"class_list":{"0":"post-120404","1":"post","2":"type-post","3":"status-publish","4":"format-standard","5":"has-post-thumbnail","7":"category-varlden","8":"tag-breaking-news","9":"tag-breakingnews","10":"tag-featured-news","11":"tag-featurednews","12":"tag-headlines","13":"tag-huvudnyheter","14":"tag-latest-news","15":"tag-latestnews","16":"tag-main-news","17":"tag-mainnews","18":"tag-news","19":"tag-nyheter","20":"tag-rubriker","21":"tag-se","22":"tag-svenska","23":"tag-sverige","24":"tag-sweden","25":"tag-swedish","26":"tag-top-stories","27":"tag-topstories","28":"tag-varlden","29":"tag-world","30":"tag-world-news","31":"tag-worldnews"},"share_on_mastodon":{"url":"https:\/\/pubeurope.com\/@se\/115806508359364282","error":""},"_links":{"self":[{"href":"https:\/\/www.europesays.com\/se\/wp-json\/wp\/v2\/posts\/120404","targetHints":{"allow":["GET"]}}],"collection":[{"href":"https:\/\/www.europesays.com\/se\/wp-json\/wp\/v2\/posts"}],"about":[{"href":"https:\/\/www.europesays.com\/se\/wp-json\/wp\/v2\/types\/post"}],"author":[{"embeddable":true,"href":"https:\/\/www.europesays.com\/se\/wp-json\/wp\/v2\/users\/2"}],"replies":[{"embeddable":true,"href":"https:\/\/www.europesays.com\/se\/wp-json\/wp\/v2\/comments?post=120404"}],"version-history":[{"count":0,"href":"https:\/\/www.europesays.com\/se\/wp-json\/wp\/v2\/posts\/120404\/revisions"}],"wp:featuredmedia":[{"embeddable":true,"href":"https:\/\/www.europesays.com\/se\/wp-json\/wp\/v2\/media\/120405"}],"wp:attachment":[{"href":"https:\/\/www.europesays.com\/se\/wp-json\/wp\/v2\/media?parent=120404"}],"wp:term":[{"taxonomy":"category","embeddable":true,"href":"https:\/\/www.europesays.com\/se\/wp-json\/wp\/v2\/categories?post=120404"},{"taxonomy":"post_tag","embeddable":true,"href":"https:\/\/www.europesays.com\/se\/wp-json\/wp\/v2\/tags?post=120404"}],"curies":[{"name":"wp","href":"https:\/\/api.w.org\/{rel}","templated":true}]}}