{"id":120408,"date":"2025-12-30T04:12:37","date_gmt":"2025-12-30T04:12:37","guid":{"rendered":"https:\/\/www.europesays.com\/se\/120408\/"},"modified":"2025-12-30T04:12:37","modified_gmt":"2025-12-30T04:12:37","slug":"vi-ar-i-krig-med-usa-israel-och-europa","status":"publish","type":"post","link":"https:\/\/www.europesays.com\/se\/120408\/","title":{"rendered":"\u201dVi \u00e4r i krig med USA, Israel och Europa\u201d"},"content":{"rendered":"<p class=\"boxtextgrotesk-root_baa6 hyperion-css-7pajle\">Publicerad 2025-12-28 04.21<\/p>\n<p>share-arrowDela<\/p>\n<p>unsaveSpara<\/p>\n<p>expand-left<\/p>\n<p>helsk\u00e4rm<img decoding=\"async\" class=\"image-asset hyperion-css-u06ts1\" data-test-tag=\"image-asset\" src=\"https:\/\/www.europesays.com\/se\/wp-content\/uploads\/2025\/12\/705c347d-37e4-4e42-abc8-8bcd3f434982.jpeg\"  alt=\"Masoud Pezeshkian, Irans president. Arkivbild\"  loading=\"eager\" fetchpriority=\"high\" style=\"aspect-ratio:640 \/ 427\"\/>Masoud Pezeshkian, Irans president. Arkivbild Foto: Angelina Katsanis\/AP\/TT<\/p>\n<p class=\"hyperion-css-1shl3oz\" data-test-tag=\"lead-text\">Irans president Masoud Pezeshkian s\u00e4ger i en intervju att USA, Israel och Europa vill tvinga ner landet p\u00e5 kn\u00e4.<\/p>\n<p class=\"hyperion-css-1v9qo5x\">\u2013 I mina \u00f6gon \u00e4r vi i totalkrig med <a data-test-tag=\"internal-link\" href=\"https:\/\/www.aftonbladet.se\/tagg\/usa\" class=\"hyperion-css-15jkft9\" rel=\"nofollow noopener\" target=\"\" aria-label=\"USA\">USA<\/a>, <a data-test-tag=\"internal-link\" href=\"https:\/\/www.aftonbladet.se\/tagg\/israel\" class=\"hyperion-css-15jkft9\" rel=\"nofollow noopener\" target=\"\" aria-label=\"Israel\">Israel<\/a> och <a data-test-tag=\"internal-link\" href=\"https:\/\/www.aftonbladet.se\/tagg\/europa\" class=\"hyperion-css-15jkft9\" rel=\"nofollow noopener\" target=\"\" aria-label=\"Europa\">Europa<\/a>, s\u00e4ger Pezeshkian till <a data-test-tag=\"internal-link\" href=\"https:\/\/www.aftonbladet.se\/tagg\/iran\" class=\"hyperion-css-15jkft9\" rel=\"nofollow noopener\" target=\"\" aria-label=\"Irans\">Irans<\/a> h\u00f6gste ledare Ali Khameneis officiella sajt.<\/p>\n<p class=\"hyperion-css-1v9qo5x\">Frankrike, Storbritannien och Tyskland har st\u00e4llt sig bakom de FN-sanktioner mot Iran som \u00e4r kopplade landets atomenergiprogram. Och f\u00f6r ett halv\u00e5r sedan attackerades Irans atomenergianl\u00e4ggningar av Israel och USA.<\/p>\n<p class=\"hyperion-css-1v9qo5x\">\u2013 Det h\u00e4r kriget \u00e4r v\u00e4rre \u00e4n det som Irak startade mot oss. N\u00e4r man ser n\u00e4rmare p\u00e5 det \u00e4r det mycket mer komplext och sv\u00e5rt, s\u00e4ger han.<\/p>\n<p class=\"hyperion-css-1v9qo5x\">Irak invaderade Iran 1980. Kriget varade till 1988 och kr\u00e4vde hundratusentals m\u00e4nniskoliv p\u00e5 b\u00e5da sidor.<\/p>\n<p>expand-left<\/p>\n<p>helsk\u00e4rm<img decoding=\"async\" class=\"image-asset hyperion-css-u06ts1\" data-test-tag=\"image-asset\" src=\"https:\/\/www.europesays.com\/se\/wp-content\/uploads\/2025\/12\/42e82dc3-3c3e-4b06-ad08-8e0f2c54b514.jpeg\"  alt=\"USA:s president Donald Trump. Arkivbild.\"  loading=\"eager\" fetchpriority=\"high\" style=\"aspect-ratio:1900 \/ 1267\"\/>USA:s president Donald Trump. Arkivbild. Foto: Alex Brandon \/ AP<\/p>\n","protected":false},"excerpt":{"rendered":"Publicerad 2025-12-28 04.21 share-arrowDela unsaveSpara expand-left helsk\u00e4rmMasoud Pezeshkian, Irans president. Arkivbild Foto: Angelina Katsanis\/AP\/TT Irans president Masoud Pezeshkian&hellip;\n","protected":false},"author":2,"featured_media":120409,"comment_status":"","ping_status":"","sticky":false,"template":"","format":"standard","meta":{"footnotes":""},"categories":[14],"tags":[22,23,26,27,17,21,24,25,28,29,15,16,18,34,31,33,32,30,19,20,51,52,53,54],"class_list":{"0":"post-120408","1":"post","2":"type-post","3":"status-publish","4":"format-standard","5":"has-post-thumbnail","7":"category-varlden","8":"tag-breaking-news","9":"tag-breakingnews","10":"tag-featured-news","11":"tag-featurednews","12":"tag-headlines","13":"tag-huvudnyheter","14":"tag-latest-news","15":"tag-latestnews","16":"tag-main-news","17":"tag-mainnews","18":"tag-news","19":"tag-nyheter","20":"tag-rubriker","21":"tag-se","22":"tag-svenska","23":"tag-sverige","24":"tag-sweden","25":"tag-swedish","26":"tag-top-stories","27":"tag-topstories","28":"tag-varlden","29":"tag-world","30":"tag-world-news","31":"tag-worldnews"},"share_on_mastodon":{"url":"https:\/\/pubeurope.com\/@se\/115806571329199079","error":""},"_links":{"self":[{"href":"https:\/\/www.europesays.com\/se\/wp-json\/wp\/v2\/posts\/120408","targetHints":{"allow":["GET"]}}],"collection":[{"href":"https:\/\/www.europesays.com\/se\/wp-json\/wp\/v2\/posts"}],"about":[{"href":"https:\/\/www.europesays.com\/se\/wp-json\/wp\/v2\/types\/post"}],"author":[{"embeddable":true,"href":"https:\/\/www.europesays.com\/se\/wp-json\/wp\/v2\/users\/2"}],"replies":[{"embeddable":true,"href":"https:\/\/www.europesays.com\/se\/wp-json\/wp\/v2\/comments?post=120408"}],"version-history":[{"count":0,"href":"https:\/\/www.europesays.com\/se\/wp-json\/wp\/v2\/posts\/120408\/revisions"}],"wp:featuredmedia":[{"embeddable":true,"href":"https:\/\/www.europesays.com\/se\/wp-json\/wp\/v2\/media\/120409"}],"wp:attachment":[{"href":"https:\/\/www.europesays.com\/se\/wp-json\/wp\/v2\/media?parent=120408"}],"wp:term":[{"taxonomy":"category","embeddable":true,"href":"https:\/\/www.europesays.com\/se\/wp-json\/wp\/v2\/categories?post=120408"},{"taxonomy":"post_tag","embeddable":true,"href":"https:\/\/www.europesays.com\/se\/wp-json\/wp\/v2\/tags?post=120408"}],"curies":[{"name":"wp","href":"https:\/\/api.w.org\/{rel}","templated":true}]}}