{"id":120414,"date":"2025-12-30T04:23:07","date_gmt":"2025-12-30T04:23:07","guid":{"rendered":"https:\/\/www.europesays.com\/se\/120414\/"},"modified":"2025-12-30T04:23:07","modified_gmt":"2025-12-30T04:23:07","slug":"sara-sjukskriven-efter-elsparkcykelolycka-uppsala","status":"publish","type":"post","link":"https:\/\/www.europesays.com\/se\/120414\/","title":{"rendered":"Sara sjukskriven efter elsparkcykelolycka Uppsala"},"content":{"rendered":"<p class=\"long-read-first-paragraph\">Det k\u00e4nns som att hon aldrig varit 29 \u00e5r, ber\u00e4ttar Sara Maleki. D\u00e5 dr\u00f6mde hon om att utvecklas i jobbet som sjuksk\u00f6terska, kanske plugga vidare, spara ihop till en ny bostad.I st\u00e4llet fyllde hon 30 i en dvala av minnesluckor och livet har legat p\u00e5 paus.\u2013 Det har varit v\u00e4ldigt m\u00f6rkt. F\u00f6rsta \u00e5ret gl\u00f6mde jag min ton\u00e5r och d\u00e5 kunde jag t\u00e4nka: Kommer jag n\u00e5gonsin bli norma<\/p>\n","protected":false},"excerpt":{"rendered":"Det k\u00e4nns som att hon aldrig varit 29 \u00e5r, ber\u00e4ttar Sara Maleki. D\u00e5 dr\u00f6mde hon om att utvecklas&hellip;\n","protected":false},"author":2,"featured_media":120415,"comment_status":"","ping_status":"","sticky":false,"template":"","format":"standard","meta":{"footnotes":""},"categories":[12],"tags":[22,23,26,27,17,21,24,25,28,29,15,16,18,34,31,33,32,30,19,20],"class_list":{"0":"post-120414","1":"post","2":"type-post","3":"status-publish","4":"format-standard","5":"has-post-thumbnail","7":"category-sverige","8":"tag-breaking-news","9":"tag-breakingnews","10":"tag-featured-news","11":"tag-featurednews","12":"tag-headlines","13":"tag-huvudnyheter","14":"tag-latest-news","15":"tag-latestnews","16":"tag-main-news","17":"tag-mainnews","18":"tag-news","19":"tag-nyheter","20":"tag-rubriker","21":"tag-se","22":"tag-svenska","23":"tag-sverige","24":"tag-sweden","25":"tag-swedish","26":"tag-top-stories","27":"tag-topstories"},"share_on_mastodon":{"url":"https:\/\/pubeurope.com\/@se\/115806614495899729","error":""},"_links":{"self":[{"href":"https:\/\/www.europesays.com\/se\/wp-json\/wp\/v2\/posts\/120414","targetHints":{"allow":["GET"]}}],"collection":[{"href":"https:\/\/www.europesays.com\/se\/wp-json\/wp\/v2\/posts"}],"about":[{"href":"https:\/\/www.europesays.com\/se\/wp-json\/wp\/v2\/types\/post"}],"author":[{"embeddable":true,"href":"https:\/\/www.europesays.com\/se\/wp-json\/wp\/v2\/users\/2"}],"replies":[{"embeddable":true,"href":"https:\/\/www.europesays.com\/se\/wp-json\/wp\/v2\/comments?post=120414"}],"version-history":[{"count":0,"href":"https:\/\/www.europesays.com\/se\/wp-json\/wp\/v2\/posts\/120414\/revisions"}],"wp:featuredmedia":[{"embeddable":true,"href":"https:\/\/www.europesays.com\/se\/wp-json\/wp\/v2\/media\/120415"}],"wp:attachment":[{"href":"https:\/\/www.europesays.com\/se\/wp-json\/wp\/v2\/media?parent=120414"}],"wp:term":[{"taxonomy":"category","embeddable":true,"href":"https:\/\/www.europesays.com\/se\/wp-json\/wp\/v2\/categories?post=120414"},{"taxonomy":"post_tag","embeddable":true,"href":"https:\/\/www.europesays.com\/se\/wp-json\/wp\/v2\/tags?post=120414"}],"curies":[{"name":"wp","href":"https:\/\/api.w.org\/{rel}","templated":true}]}}